{"id":81106,"date":"2015-06-24T15:27:36","date_gmt":"2015-06-24T18:27:36","guid":{"rendered":"http:\/\/senoticias.com.br\/se\/?p=81106"},"modified":"2015-06-27T18:11:27","modified_gmt":"2015-06-27T21:11:27","slug":"huse-ja-atendeu-mais-de-40-vitimas-de-queimaduras-neste-mes","status":"publish","type":"post","link":"https:\/\/senoticias.com.br\/se\/huse-ja-atendeu-mais-de-40-vitimas-de-queimaduras-neste-mes\/","title":{"rendered":"Huse j\u00e1 atendeu mais de 40 v\u00edtimas de queimaduras neste m\u00eas"},"content":{"rendered":"<div id=\"attachment_81107\" style=\"width: 310px\" class=\"wp-caption alignright\"><a href=\"http:\/\/senoticias.com.br\/se\/wp-content\/uploads\/2015\/06\/2662012112740.jpg\"><img loading=\"lazy\" decoding=\"async\" aria-describedby=\"caption-attachment-81107\" class=\"size-medium wp-image-81107\" alt=\"Foto: Reprodu\u00e7\u00e3o \" src=\"http:\/\/senoticias.com.br\/se\/wp-content\/uploads\/2015\/06\/2662012112740-300x200.jpg\" width=\"300\" height=\"200\" srcset=\"https:\/\/senoticias.com.br\/se\/wp-content\/uploads\/2015\/06\/2662012112740-300x200.jpg 300w, https:\/\/senoticias.com.br\/se\/wp-content\/uploads\/2015\/06\/2662012112740-342x227.jpg 342w, https:\/\/senoticias.com.br\/se\/wp-content\/uploads\/2015\/06\/2662012112740.jpg 600w\" sizes=\"(max-width: 300px) 100vw, 300px\" \/><\/a><p id=\"caption-attachment-81107\" class=\"wp-caption-text\">Foto: Reprodu\u00e7\u00e3o<\/p><\/div>\n<p style=\"text-align: justify;\">Desde o \u00faltimo dia 1\u00ba de junho at\u00e9 o come\u00e7o da manh\u00e3 desta quarta-feira (24), o Hospital de Urg\u00eancias de Sergipe (Huse) j\u00e1 recebeu mais de 40 v\u00edtimas de queimaduras. Durante a noite dessa ter\u00e7a-feira (23) nove pacientes foram atendidos com queimaduras provocadas pelas bombas dos festejos juninos. At\u00e9 o momento, 15 pessoas j\u00e1 tiveram dedos das m\u00e3os amputados.<\/p>\n<p style=\"text-align: justify;\">A refer\u00eancia t\u00e9cnica da Unidade de Tratamento de Queimados (UTQ), Wandressa Nascimento, orienta sobre os cuidados no manuseio desses elementos e, principalmente, com as crian\u00e7as.<\/p>\n<p style=\"text-align: justify;\">\u201cOs adultos devem vigiar as crian\u00e7as durante o manuseio de fogos de artif\u00edcio, se poss\u00edvel evitar os de teor explosivo. Cuidados devem ser mantidos durante o preparo de guloseimas juninas, no sentido de n\u00e3o deixar as crian\u00e7as pr\u00f3ximas do fog\u00e3o. Temos, anualmente, v\u00e1rios casos envolvendo crian\u00e7as queimadas em situa\u00e7\u00f5es como essas. Quanto aos adultos oriento que usem equipamentos de seguran\u00e7a para lidar com fogos. Os traumas e as amputa\u00e7\u00f5es s\u00e3o terr\u00edveis e deixam marcas para a vida toda\u201d, alerta Nascimento.<\/p>\n<p style=\"text-align: justify;\">Somente em junho de 2014, a UTQ registrou, 86 atendimentos a v\u00edtimas de queimaduras. O n\u00famero representou 22% a menos em rela\u00e7\u00e3o ao mesmo per\u00edodo do mesmo per\u00edodo em (2013), quando foram atendidas 110 pessoas. J\u00e1 o \u00edndice de amputa\u00e7\u00f5es de dedos e membros por queimaduras se manteve o mesmo. Tanto em 2013 quanto em 2014 foram contabilizados oito casos.<\/p>\n<p style=\"text-align: justify;\">Em 2013, foram seis crian\u00e7as v\u00edtimas de queimaduras por fogos. J\u00e1 no ano passado, o n\u00famero subiu para nove, o que representa um aumento de aproximadamente 30%.<\/p>\n<p style=\"text-align: justify;\">O cirurgi\u00e3o pl\u00e1stico Bruno Cintra, orienta o que fazer para n\u00e3o agravar a les\u00e3o e explica que nenhuma subst\u00e2ncia deve ser usada sobre a queimadura. \u201cA recomenda\u00e7\u00e3o \u00e9 apenas irrigar o local queimado com \u00e1gua fria e corrente. Em seguida, envolv\u00ea-lo com um pano limpo, que pode ser uma fralda ou uma toalha. Ap\u00f3s essa provid\u00eancia, a v\u00edtima deve ser levada o mais r\u00e1pido poss\u00edvel a um hospital, para que receba os cuidados m\u00e9dicos necess\u00e1rios\u201d, informa Cintra.<\/p>\n<p style=\"text-align: justify;\"><em>*Com informa\u00e7\u00f5es Ag\u00eancia Sergipe e SES<\/em><\/p>\n<p style=\"text-align: justify;\"><strong>Acompanhe o SE Not\u00edcias no <a href=\"https:\/\/twitter.com\/Senoticias\" target=\"_blank\">Twitter <\/a>e no <a href=\"https:\/\/www.facebook.com\/PortalSENoticias\" target=\"_blank\">Facebook<\/a><\/strong><\/p>\n","protected":false},"excerpt":{"rendered":"<p>Desde o \u00faltimo dia 1\u00ba de junho at\u00e9 o come\u00e7o da manh\u00e3 desta quarta-feira (24), o Hospital de Urg\u00eancias de Sergipe (Huse) j\u00e1 recebeu mais de 40 v\u00edtimas de queimaduras. Durante a noite dessa ter\u00e7a-feira (23) nove pacientes foram atendidos com queimaduras provocadas pelas bombas dos festejos juninos. At\u00e9 o momento, 15 pessoas j\u00e1 tiveram [&hellip;]<\/p>\n","protected":false},"author":1,"featured_media":81107,"comment_status":"closed","ping_status":"closed","sticky":false,"template":"","format":"standard","meta":{"footnotes":""},"categories":[6],"tags":[],"class_list":{"0":"post-81106","1":"post","2":"type-post","3":"status-publish","4":"format-standard","5":"has-post-thumbnail","7":"category-politica"},"_links":{"self":[{"href":"https:\/\/senoticias.com.br\/se\/wp-json\/wp\/v2\/posts\/81106"}],"collection":[{"href":"https:\/\/senoticias.com.br\/se\/wp-json\/wp\/v2\/posts"}],"about":[{"href":"https:\/\/senoticias.com.br\/se\/wp-json\/wp\/v2\/types\/post"}],"author":[{"embeddable":true,"href":"https:\/\/senoticias.com.br\/se\/wp-json\/wp\/v2\/users\/1"}],"replies":[{"embeddable":true,"href":"https:\/\/senoticias.com.br\/se\/wp-json\/wp\/v2\/comments?post=81106"}],"version-history":[{"count":0,"href":"https:\/\/senoticias.com.br\/se\/wp-json\/wp\/v2\/posts\/81106\/revisions"}],"wp:featuredmedia":[{"embeddable":true,"href":"https:\/\/senoticias.com.br\/se\/wp-json\/wp\/v2\/media\/81107"}],"wp:attachment":[{"href":"https:\/\/senoticias.com.br\/se\/wp-json\/wp\/v2\/media?parent=81106"}],"wp:term":[{"taxonomy":"category","embeddable":true,"href":"https:\/\/senoticias.com.br\/se\/wp-json\/wp\/v2\/categories?post=81106"},{"taxonomy":"post_tag","embeddable":true,"href":"https:\/\/senoticias.com.br\/se\/wp-json\/wp\/v2\/tags?post=81106"}],"curies":[{"name":"wp","href":"https:\/\/api.w.org\/{rel}","templated":true}]}}