{"id":81103,"date":"2015-06-24T15:20:59","date_gmt":"2015-06-24T18:20:59","guid":{"rendered":"http:\/\/senoticias.com.br\/se\/?p=81103"},"modified":"2015-06-26T09:35:57","modified_gmt":"2015-06-26T12:35:57","slug":"mulher-morre-em-empresa-de-telemarketing-em-aracaju","status":"publish","type":"post","link":"https:\/\/senoticias.com.br\/se\/mulher-morre-em-empresa-de-telemarketing-em-aracaju\/","title":{"rendered":"Mulher morre em empresa de telemarketing em Aracaju"},"content":{"rendered":"<p style=\"text-align: justify;\">No fim da manh\u00e3 desta quinta-feira (24), uma funcion\u00e1ria de uma empresa de telemarketing localizada no Bairro Industrial, em Aracaju, passou mal e morreu em seguida.<\/p>\n<div id=\"attachment_81104\" style=\"width: 528px\" class=\"wp-caption aligncenter\"><a href=\"http:\/\/senoticias.com.br\/se\/wp-content\/uploads\/2015\/06\/grande-almaviva_150814.jpg\"><img loading=\"lazy\" decoding=\"async\" aria-describedby=\"caption-attachment-81104\" class=\" wp-image-81104    \" alt=\"Foto: Reprodu\u00e7\u00e3o\/`Portal Infonet \" src=\"http:\/\/senoticias.com.br\/se\/wp-content\/uploads\/2015\/06\/grande-almaviva_150814.jpg\" width=\"518\" height=\"344\" \/><\/a><p id=\"caption-attachment-81104\" class=\"wp-caption-text\">Foto: Reprodu\u00e7\u00e3o\/`Portal Infonet<\/p><\/div>\n<p style=\"text-align: justify;\">Os colegas de trabalho dela informaram que a mulher de 32 anos de idade sofreu uma convuls\u00e3o e n\u00e3o resistiu.<\/p>\n<p style=\"text-align: justify;\">Uma equipe do Servi\u00e7o de Unidade M\u00f3vel (Samu), esteve do local, mas a mulher j\u00e1 estava morta.<\/p>\n<p style=\"text-align: justify;\">De acordo com o diretor de Rela\u00e7\u00f5es Institucionais da empresa, Douglas Fernandes, houve uma fatalidade e a \u00e1rea foi isolada at\u00e9 a remo\u00e7\u00e3o do corpo. \u201cLogo quando ela come\u00e7ou a passar mal pedimos ajuda ao Samu. Os agentes chegaram em seguida e tentaram reanim\u00e1-la, mas ela n\u00e3o resistiu. A empresa se solidariza com a fam\u00edlia e est\u00e1 prestando todo apoio necess\u00e1rio neste momento dif\u00edcil\u201d.<\/p>\n<p style=\"text-align: justify;\">A dire\u00e7\u00e3o da empresa suspendeu o expediente e informou atrav\u00e9s de nota que as atividades voltam ao normal nesta quinta-feira (25). Confira o comunicado na \u00edntegra:<\/p>\n<p style=\"text-align: justify;\"><em>Com imenso pesar, comunicamos o falecimento da colaboradora B\u00e1rbara Monique Soares de Sousa, hoje 24 de junho, em Aracaju. B\u00e1rbara tinha 26 anos, deixa esposo e uma filha.<\/em><\/p>\n<p style=\"text-align: justify;\"><em>Em respeito \u00e0 mem\u00f3ria de B\u00e1rbara, \u00e0 dor de seus familiares, amigos e de todos n\u00f3s que convivemos com ela, em solidariedade, nesse dif\u00edcil momento, a empresa decidiu dispensar todos os empregados do site de Aracaju de sua atividades na data de hoje, reiniciando o trabalho normalmente nesta quinta-feira (25).<\/em><\/p>\n<p style=\"text-align: justify;\"><em>Aos familiares e amigos, expressamos nossos mais sinceros sentimentos. Estaremos ao lado de voc\u00eas dando o suporte necess\u00e1rio que o momento exige,<\/em><\/p>\n<p style=\"text-align: justify;\"><em>Almaviva do Brasil<\/em><\/p>\n<p style=\"text-align: justify;\">*Com informa\u00e7\u00f5es do G1, em Sergipe<\/p>\n<p style=\"text-align: justify;\"><strong>Acompanhe o SE Not\u00edcias no <a href=\"https:\/\/twitter.com\/Senoticias\" target=\"_blank\">Twitter <\/a>e no <a href=\"https:\/\/www.facebook.com\/PortalSENoticias\" target=\"_blank\">Facebook<\/a><\/strong><\/p>\n<p style=\"text-align: justify;\">\n","protected":false},"excerpt":{"rendered":"<p>No fim da manh\u00e3 desta quinta-feira (24), uma funcion\u00e1ria de uma empresa de telemarketing localizada no Bairro Industrial, em Aracaju, passou mal e morreu em seguida. Os colegas de trabalho dela informaram que a mulher de 32 anos de idade sofreu uma convuls\u00e3o e n\u00e3o resistiu. Uma equipe do Servi\u00e7o de Unidade M\u00f3vel (Samu), esteve [&hellip;]<\/p>\n","protected":false},"author":1,"featured_media":81104,"comment_status":"closed","ping_status":"closed","sticky":false,"template":"","format":"standard","meta":{"footnotes":""},"categories":[7],"tags":[],"class_list":{"0":"post-81103","1":"post","2":"type-post","3":"status-publish","4":"format-standard","5":"has-post-thumbnail","7":"category-policia"},"_links":{"self":[{"href":"https:\/\/senoticias.com.br\/se\/wp-json\/wp\/v2\/posts\/81103"}],"collection":[{"href":"https:\/\/senoticias.com.br\/se\/wp-json\/wp\/v2\/posts"}],"about":[{"href":"https:\/\/senoticias.com.br\/se\/wp-json\/wp\/v2\/types\/post"}],"author":[{"embeddable":true,"href":"https:\/\/senoticias.com.br\/se\/wp-json\/wp\/v2\/users\/1"}],"replies":[{"embeddable":true,"href":"https:\/\/senoticias.com.br\/se\/wp-json\/wp\/v2\/comments?post=81103"}],"version-history":[{"count":0,"href":"https:\/\/senoticias.com.br\/se\/wp-json\/wp\/v2\/posts\/81103\/revisions"}],"wp:featuredmedia":[{"embeddable":true,"href":"https:\/\/senoticias.com.br\/se\/wp-json\/wp\/v2\/media\/81104"}],"wp:attachment":[{"href":"https:\/\/senoticias.com.br\/se\/wp-json\/wp\/v2\/media?parent=81103"}],"wp:term":[{"taxonomy":"category","embeddable":true,"href":"https:\/\/senoticias.com.br\/se\/wp-json\/wp\/v2\/categories?post=81103"},{"taxonomy":"post_tag","embeddable":true,"href":"https:\/\/senoticias.com.br\/se\/wp-json\/wp\/v2\/tags?post=81103"}],"curies":[{"name":"wp","href":"https:\/\/api.w.org\/{rel}","templated":true}]}}