{"id":81100,"date":"2015-06-24T14:59:24","date_gmt":"2015-06-24T17:59:24","guid":{"rendered":"http:\/\/senoticias.com.br\/se\/?p=81100"},"modified":"2015-06-24T15:01:29","modified_gmt":"2015-06-24T18:01:29","slug":"corpos-do-cantor-cristiano-araujo-e-da-namorada-serao-velados-juntos","status":"publish","type":"post","link":"https:\/\/senoticias.com.br\/se\/corpos-do-cantor-cristiano-araujo-e-da-namorada-serao-velados-juntos\/","title":{"rendered":"Corpos do cantor Cristiano Ara\u00fajo e da namorada ser\u00e3o velados juntos"},"content":{"rendered":"<p style=\"text-align: justify;\">O vel\u00f3rio do cantor Cristiano Ara\u00fajo, 29, e namorada, a estudante Allana Coelho Pinto de Moraes, 19, vai ocorrer nesta quarta-feira (24) no Pal\u00e1cio da M\u00fasica, localizado no Centro Cultural Oscar Niemeyer (CCON), em Goi\u00e2nia. Os corpos das v\u00edtimas foram liberados por volta das 14h e a previs\u00e3o \u00e9 que a cerim\u00f4nia comece \u00e0s 19h. O acidente aconteceu nessa madrugada, na BR-153, entre Morrinhos e o trevo de Pontalina.<\/p>\n<div id=\"attachment_81101\" style=\"width: 571px\" class=\"wp-caption aligncenter\"><a href=\"http:\/\/senoticias.com.br\/se\/wp-content\/uploads\/2015\/06\/capture-20150624-145726.png\"><img loading=\"lazy\" decoding=\"async\" aria-describedby=\"caption-attachment-81101\" class=\" wp-image-81101 \" alt=\"Cristiano Ara\u00fajo e namorada morreram em acidente de carro na BR-153 (Foto: Reprodu\u00e7\u00e3o\/TV Anhanguera)\" src=\"http:\/\/senoticias.com.br\/se\/wp-content\/uploads\/2015\/06\/capture-20150624-145726.png\" width=\"561\" height=\"363\" srcset=\"https:\/\/senoticias.com.br\/se\/wp-content\/uploads\/2015\/06\/capture-20150624-145726.png 623w, https:\/\/senoticias.com.br\/se\/wp-content\/uploads\/2015\/06\/capture-20150624-145726-300x194.png 300w, https:\/\/senoticias.com.br\/se\/wp-content\/uploads\/2015\/06\/capture-20150624-145726-342x221.png 342w\" sizes=\"(max-width: 561px) 100vw, 561px\" \/><\/a><p id=\"caption-attachment-81101\" class=\"wp-caption-text\">Cristiano Ara\u00fajo e namorada morreram em acidente de carro na BR-153 (Foto: Reprodu\u00e7\u00e3o\/TV Anhanguera)<\/p><\/div>\n<p style=\"text-align: justify;\">\u201cEles estavam vivendo um momento muito importante no relacionamento deles, estavam muito felizes, ent\u00e3o, decidimos que os dois v\u00e3o ser velados juntos\u201d, disse ao G1 a m\u00e3e da jovem, M\u00edriam Coelho Pinto de Moraes.<\/p>\n<p style=\"text-align: justify;\">A dire\u00e7\u00e3o do CCON informou que o palco ser\u00e1 fechado, e as cadeiras que ficam no local para as apresenta\u00e7\u00f5es musicais ser\u00e3o retiradas. Inicialmente a cerim\u00f4nia ser\u00e1 fechada apenas para familiares e amigos. Em seguida, o vel\u00f3rio ser\u00e1 aberto para que f\u00e3s possam realizar as \u00faltimas homenagens ao cantor.<\/p>\n<p style=\"text-align: justify;\">O enterro est\u00e1 previsto para ocorrer \u00e0s 11h de quinta-feira (25), no Jardim das Palmeiras, em Goi\u00e2nia.<\/p>\n<p style=\"text-align: justify;\"><strong>Acidente<\/strong><\/p>\n<p style=\"text-align: justify;\">Segundo o Corpo de Bombeiros, o sertanejo voltava de um show em Itumbiara, no sul do estado, por volta das 3h30, quando ve\u00edculo em que ele estava, um Range Rover, saiu da pista e capotou.<\/p>\n<p style=\"text-align: justify;\">Al\u00e9m do cantor e da namorada, outras duas pessoas estavam no carro, sendo o empres\u00e1rio de Cristiano e o motorista.<\/p>\n<p style=\"text-align: justify;\">Os dois foram inicialmente levados ao Hospital Municipal de Morrinhos e, depois, transferidos ao Instituto Ortop\u00e9dico de Goi\u00e2nia (IOG). Ronaldo tem quadro est\u00e1vel, com suspeita de fratura na coluna e traumatismo craniano leve, segundo informaram familiares. J\u00e1 Vitor tem quadro est\u00e1vel, de acordo com os funcion\u00e1rios do hospital.<\/p>\n<p style=\"text-align: justify;\">A Pol\u00edcia Rodovi\u00e1ria Federal (PRF) informou que as causas do acidente ainda s\u00e3o apuradas. \u201cFizemos um levantamento no ve\u00edculo, que \u00e9 do ano de 2015, e ele estava em perfeitas condi\u00e7\u00f5es. A suspeita inicial \u00e9 que o motorista tenha dormido ao volante, mas tudo isso ainda \u00e9 devidamente apurado\u201d, afirmou o inspetor Newton Moraes.<\/p>\n<p style=\"text-align: justify;\">Segundo o empres\u00e1rio do cantor Ant\u00f4nio Pereira dos Santos, o sertanejo costumava viajar com um motorista particular para que &#8220;pudesse dormir ap\u00f3s o show e n\u00e3o precisasse dirigir&#8221;. Ele ressaltou, ainda, que o condutor &#8220;\u00e9 experiente e acostumado a guiar de madrugada&#8221;.<\/p>\n<p style=\"text-align: justify;\"><strong>Motorista<\/strong><\/p>\n<p style=\"text-align: justify;\">A Pol\u00edcia Civil j\u00e1 instaurou um inqu\u00e9rito para apurar as causas do acidente. De acordo com o delegado Fabiano Henrique Jacomelis, respons\u00e1vel pelo caso, o motorista que conduzia o ve\u00edculo, Ronaldo Miranda, 40, passou pelo teste do baf\u00f4metro, que n\u00e3o apontou consumo de bebidas alco\u00f3licas.<\/p>\n<p style=\"text-align: justify;\">\u201cJ\u00e1 sabemos que o acidente aconteceu depois que ele perdeu o controle da dire\u00e7\u00e3o. Agora estamos apurando se ele dormiu ao volante ou se houve algum outro fato que o levou a sair da pista e, consequentemente, capotar\u201d, explicou o delegado ao G1.<\/p>\n<p style=\"text-align: justify;\">Jacomelis diz que solicitou um laudo cadav\u00e9rico das v\u00edtimas fatais e uma per\u00edcia no local do acidente. As an\u00e1lises devem apontar se elas usavam cinto de seguran\u00e7a no momento do acidente. \u201cO cantor e a namorada foram arremessados para fora do ve\u00edculo, sendo assim, os ind\u00edcios apontam que eles n\u00e3o usavam o cinto de seguran\u00e7a. Mas isso s\u00f3 ser\u00e1 comprovado com o resultado dos laudos\u201d, ressaltou.<\/p>\n<p style=\"text-align: justify;\">Ainda segundo o delegado, o ve\u00edculo do cantor, um Range Rover, tem cerca de dois meses de uso. \u201cEle passou por uma per\u00edcia t\u00e9cnica e, se necess\u00e1rio, ser\u00e1 analisado novamente. Mas tudo indica que n\u00e3o houve falha mec\u00e2nica\u201d.<\/p>\n<p style=\"text-align: justify;\">Agora, a pol\u00edcia aguarda o resultado dos laudos e deve ouvir os sobreviventes para determinar, de fato, o que provocou o acidente. \u201cAssim que os dois homens que ficaram feridos se restabelecerem, vamos intim\u00e1-los. Com essas oitivas esperamos conseguir todos os detalhes que precisamos para saber se houve imper\u00edcia do motorista ou se algo causou a sa\u00edda de pista\u201d, concluiu.<\/p>\n<p style=\"text-align: justify;\"><em>Com informa\u00e7\u00f5es de Vitor Santana do G1 GO<\/em><\/p>\n<p style=\"text-align: justify;\"><strong>Acompanhe o SE Not\u00edcias no <a href=\"https:\/\/twitter.com\/Senoticias\" target=\"_blank\">Twitter <\/a>e no <a href=\"https:\/\/www.facebook.com\/PortalSENoticias\" target=\"_blank\">Facebook<\/a><\/strong><\/p>\n","protected":false},"excerpt":{"rendered":"<p>O vel\u00f3rio do cantor Cristiano Ara\u00fajo, 29, e namorada, a estudante Allana Coelho Pinto de Moraes, 19, vai ocorrer nesta quarta-feira (24) no Pal\u00e1cio da M\u00fasica, localizado no Centro Cultural Oscar Niemeyer (CCON), em Goi\u00e2nia. Os corpos das v\u00edtimas foram liberados por volta das 14h e a previs\u00e3o \u00e9 que a cerim\u00f4nia comece \u00e0s 19h. [&hellip;]<\/p>\n","protected":false},"author":1,"featured_media":81101,"comment_status":"closed","ping_status":"closed","sticky":false,"template":"","format":"standard","meta":{"footnotes":""},"categories":[8],"tags":[],"class_list":{"0":"post-81100","1":"post","2":"type-post","3":"status-publish","4":"format-standard","5":"has-post-thumbnail","7":"category-esporte-e-cultura"},"_links":{"self":[{"href":"https:\/\/senoticias.com.br\/se\/wp-json\/wp\/v2\/posts\/81100"}],"collection":[{"href":"https:\/\/senoticias.com.br\/se\/wp-json\/wp\/v2\/posts"}],"about":[{"href":"https:\/\/senoticias.com.br\/se\/wp-json\/wp\/v2\/types\/post"}],"author":[{"embeddable":true,"href":"https:\/\/senoticias.com.br\/se\/wp-json\/wp\/v2\/users\/1"}],"replies":[{"embeddable":true,"href":"https:\/\/senoticias.com.br\/se\/wp-json\/wp\/v2\/comments?post=81100"}],"version-history":[{"count":0,"href":"https:\/\/senoticias.com.br\/se\/wp-json\/wp\/v2\/posts\/81100\/revisions"}],"wp:featuredmedia":[{"embeddable":true,"href":"https:\/\/senoticias.com.br\/se\/wp-json\/wp\/v2\/media\/81101"}],"wp:attachment":[{"href":"https:\/\/senoticias.com.br\/se\/wp-json\/wp\/v2\/media?parent=81100"}],"wp:term":[{"taxonomy":"category","embeddable":true,"href":"https:\/\/senoticias.com.br\/se\/wp-json\/wp\/v2\/categories?post=81100"},{"taxonomy":"post_tag","embeddable":true,"href":"https:\/\/senoticias.com.br\/se\/wp-json\/wp\/v2\/tags?post=81100"}],"curies":[{"name":"wp","href":"https:\/\/api.w.org\/{rel}","templated":true}]}}