{"id":81089,"date":"2015-06-24T11:26:27","date_gmt":"2015-06-24T14:26:27","guid":{"rendered":"http:\/\/senoticias.com.br\/se\/?p=81089"},"modified":"2015-06-25T11:05:54","modified_gmt":"2015-06-25T14:05:54","slug":"banco-central-preve-queda-de-11-na-economia-este-ano","status":"publish","type":"post","link":"https:\/\/senoticias.com.br\/se\/banco-central-preve-queda-de-11-na-economia-este-ano\/","title":{"rendered":"Banco Central prev\u00ea queda de 1,1% na economia este ano"},"content":{"rendered":"<div id=\"attachment_81090\" style=\"width: 310px\" class=\"wp-caption alignright\"><a href=\"http:\/\/senoticias.com.br\/se\/wp-content\/uploads\/2015\/06\/11910201210582.jpg\"><img loading=\"lazy\" decoding=\"async\" aria-describedby=\"caption-attachment-81090\" class=\"size-medium wp-image-81090\" alt=\"Foto: Divulga\u00e7\u00e3o \" src=\"http:\/\/senoticias.com.br\/se\/wp-content\/uploads\/2015\/06\/11910201210582-300x225.jpg\" width=\"300\" height=\"225\" srcset=\"https:\/\/senoticias.com.br\/se\/wp-content\/uploads\/2015\/06\/11910201210582-300x225.jpg 300w, https:\/\/senoticias.com.br\/se\/wp-content\/uploads\/2015\/06\/11910201210582-342x256.jpg 342w, https:\/\/senoticias.com.br\/se\/wp-content\/uploads\/2015\/06\/11910201210582-60x45.jpg 60w, https:\/\/senoticias.com.br\/se\/wp-content\/uploads\/2015\/06\/11910201210582-150x113.jpg 150w, https:\/\/senoticias.com.br\/se\/wp-content\/uploads\/2015\/06\/11910201210582-269x201.jpg 269w, https:\/\/senoticias.com.br\/se\/wp-content\/uploads\/2015\/06\/11910201210582.jpg 640w\" sizes=\"(max-width: 300px) 100vw, 300px\" \/><\/a><p id=\"caption-attachment-81090\" class=\"wp-caption-text\">Foto: Divulga\u00e7\u00e3o<\/p><\/div>\n<p style=\"text-align: justify;\">O Banco Central (BC) prev\u00ea maior retra\u00e7\u00e3o da economia este ano. De acordo com o Relat\u00f3rio Trimestral de Infla\u00e7\u00e3o, divulgado hoje (24), o Produto Interno Bruto (PIB), soma de todos os bens e servi\u00e7os produzidos, deve apresentar queda de 1,1%. Na previs\u00e3o anterior era 0,5%.<\/p>\n<p style=\"text-align: justify;\">A produ\u00e7\u00e3o agropecu\u00e1ria dever\u00e1 crescer 1,9%, mais do que a estimativa anterior, que era 1%. A proje\u00e7\u00e3o para o recuo da ind\u00fastria passou de 2,3% para 3%. O BC destaca os impactos das redu\u00e7\u00f5es projetadas para a ind\u00fastria de transforma\u00e7\u00e3o, de 3,4% para 6%, e para a produ\u00e7\u00e3o e distribui\u00e7\u00e3o de eletricidade, \u00e1gua e g\u00e1s, de 1,4% para 5,6%. De acordo com o BC, esse cen\u00e1rio reflete aumento da participa\u00e7\u00e3o de termoel\u00e9tricas na oferta de energia (mais cara) e de redu\u00e7\u00e3o do consumo de \u00e1gua no primeiro trimestre do ano.<\/p>\n<p style=\"text-align: justify;\">A proje\u00e7\u00e3o para o setor de servi\u00e7os passou de crescimento de 0,1% para queda de 0,8%.<\/p>\n<p style=\"text-align: justify;\">O BC tamb\u00e9m revisou a proje\u00e7\u00e3o para o consumo das fam\u00edlias, que passou de expans\u00e3o de 0,2% para queda 0,5%. Segundo o BC, essa revis\u00e3o est\u00e1 \u201cem linha com a piora no mercado de trabalho e a manuten\u00e7\u00e3o da confian\u00e7a do consumidor em patamares historicamente reduzidos\u201d. Tamb\u00e9m foi alterada a estimativa de consumo do governo, que passou de crescimento de 0,3% para queda de 1,6%, \u201cconsistente com o cen\u00e1rio de ajuste fiscal em curso\u201d.<\/p>\n<p style=\"text-align: justify;\">Em rela\u00e7\u00e3o \u00e0 demanda externa, o BC revisou a proje\u00e7\u00e3o para as exporta\u00e7\u00f5es, com aumento de 3,1 ponto percentual para 5,5% de crescimento, em rela\u00e7\u00e3o \u00e0 estimativa anterior. No caso das importa\u00e7\u00f5es, a estimativa \u00e9 queda de 6%. Segundo o BC, esse cen\u00e1rio repercute os efeitos de redu\u00e7\u00e3o do consumo e da alta do d\u00f3lar.<\/p>\n<p style=\"text-align: justify;\">Para o per\u00edodo de 12 meses encerrados em mar\u00e7o de 2016, a estimativa de queda do PIB \u00e9 0,8%.<\/p>\n<p style=\"text-align: justify;\"><em>Fonte: Ag\u00eancia Brasil<\/em><\/p>\n<p style=\"text-align: justify;\"><strong>Acompanhe o SE Not\u00edcias no <a href=\"https:\/\/twitter.com\/Senoticias\" target=\"_blank\">Twitter <\/a>e no <a href=\"https:\/\/www.facebook.com\/PortalSENoticias\" target=\"_blank\">Facebook<\/a><\/strong><\/p>\n","protected":false},"excerpt":{"rendered":"<p>O Banco Central (BC) prev\u00ea maior retra\u00e7\u00e3o da economia este ano. De acordo com o Relat\u00f3rio Trimestral de Infla\u00e7\u00e3o, divulgado hoje (24), o Produto Interno Bruto (PIB), soma de todos os bens e servi\u00e7os produzidos, deve apresentar queda de 1,1%. Na previs\u00e3o anterior era 0,5%. A produ\u00e7\u00e3o agropecu\u00e1ria dever\u00e1 crescer 1,9%, mais do que a [&hellip;]<\/p>\n","protected":false},"author":1,"featured_media":81090,"comment_status":"closed","ping_status":"closed","sticky":false,"template":"","format":"standard","meta":{"footnotes":""},"categories":[6],"tags":[],"class_list":{"0":"post-81089","1":"post","2":"type-post","3":"status-publish","4":"format-standard","5":"has-post-thumbnail","7":"category-politica"},"_links":{"self":[{"href":"https:\/\/senoticias.com.br\/se\/wp-json\/wp\/v2\/posts\/81089"}],"collection":[{"href":"https:\/\/senoticias.com.br\/se\/wp-json\/wp\/v2\/posts"}],"about":[{"href":"https:\/\/senoticias.com.br\/se\/wp-json\/wp\/v2\/types\/post"}],"author":[{"embeddable":true,"href":"https:\/\/senoticias.com.br\/se\/wp-json\/wp\/v2\/users\/1"}],"replies":[{"embeddable":true,"href":"https:\/\/senoticias.com.br\/se\/wp-json\/wp\/v2\/comments?post=81089"}],"version-history":[{"count":0,"href":"https:\/\/senoticias.com.br\/se\/wp-json\/wp\/v2\/posts\/81089\/revisions"}],"wp:featuredmedia":[{"embeddable":true,"href":"https:\/\/senoticias.com.br\/se\/wp-json\/wp\/v2\/media\/81090"}],"wp:attachment":[{"href":"https:\/\/senoticias.com.br\/se\/wp-json\/wp\/v2\/media?parent=81089"}],"wp:term":[{"taxonomy":"category","embeddable":true,"href":"https:\/\/senoticias.com.br\/se\/wp-json\/wp\/v2\/categories?post=81089"},{"taxonomy":"post_tag","embeddable":true,"href":"https:\/\/senoticias.com.br\/se\/wp-json\/wp\/v2\/tags?post=81089"}],"curies":[{"name":"wp","href":"https:\/\/api.w.org\/{rel}","templated":true}]}}