{"id":81086,"date":"2015-06-24T11:13:55","date_gmt":"2015-06-24T14:13:55","guid":{"rendered":"http:\/\/senoticias.com.br\/se\/?p=81086"},"modified":"2015-06-24T11:13:55","modified_gmt":"2015-06-24T14:13:55","slug":"denuncia-anonima-leva-a-prisao-de-suspeitos-com-drogas-e-r-27-mil","status":"publish","type":"post","link":"https:\/\/senoticias.com.br\/se\/denuncia-anonima-leva-a-prisao-de-suspeitos-com-drogas-e-r-27-mil\/","title":{"rendered":"Den\u00fancia an\u00f4nima leva \u00e0 pris\u00e3o de suspeitos com drogas e R$ 27 mil"},"content":{"rendered":"<p style=\"text-align: justify;\">A Secretaria de Estado da Seguran\u00e7a P\u00fablica (SSP) divulgou na ter\u00e7a-feira (23) detalhes das pris\u00f5es de dois homens suspeitos de tr\u00e1fico de drogas no bairro Jos\u00e9 Conrado de Ara\u00fajo, na Zona Norte de Aracaju. Com eles, foram encontradas drogas e mais de R$ 27 mil em dinheiro.<\/p>\n<div id=\"attachment_81087\" style=\"width: 565px\" class=\"wp-caption aligncenter\"><a href=\"http:\/\/senoticias.com.br\/se\/wp-content\/uploads\/2015\/06\/capture-20150624-111213.png\"><img loading=\"lazy\" decoding=\"async\" aria-describedby=\"caption-attachment-81087\" class=\" wp-image-81087 \" alt=\"Material apreendido com os criminosos (Foto: SSP\/Divulga\u00e7\u00e3o)\" src=\"http:\/\/senoticias.com.br\/se\/wp-content\/uploads\/2015\/06\/capture-20150624-111213.png\" width=\"555\" height=\"419\" srcset=\"https:\/\/senoticias.com.br\/se\/wp-content\/uploads\/2015\/06\/capture-20150624-111213.png 617w, https:\/\/senoticias.com.br\/se\/wp-content\/uploads\/2015\/06\/capture-20150624-111213-300x226.png 300w, https:\/\/senoticias.com.br\/se\/wp-content\/uploads\/2015\/06\/capture-20150624-111213-342x258.png 342w, https:\/\/senoticias.com.br\/se\/wp-content\/uploads\/2015\/06\/capture-20150624-111213-60x45.png 60w, https:\/\/senoticias.com.br\/se\/wp-content\/uploads\/2015\/06\/capture-20150624-111213-150x113.png 150w\" sizes=\"(max-width: 555px) 100vw, 555px\" \/><\/a><p id=\"caption-attachment-81087\" class=\"wp-caption-text\">Material apreendido com os criminosos (Foto: SSP\/Divulga\u00e7\u00e3o)<\/p><\/div>\n<p style=\"text-align: justify;\">Policiais do Departamento de Narc\u00f3ticos (Denarc) receberam den\u00fancias an\u00f4nimas de que dois homens estariam utilizando uma casa na Rua Recife como ponto de tr\u00e1fico de drogas. Ao chegarem no endere\u00e7o informado, os policiais encontraram com um dos suspeitos dois tabletes de maconha prensada de cerca de 600g, al\u00e9m de trouxas de maconha e balan\u00e7as de precis\u00e3o.<\/p>\n<p style=\"text-align: justify;\">Com o outro preso em flagrante estava um pino de coca\u00edna e c\u00e1psulas pl\u00e1sticas vazias (utilizadas para embalar a droga) e mais de R$ 2,2 mil. Ap\u00f3s busca, foram encontrados mais R$ 16,5 mil que ele alegou ser do tio dele. De acordo com informa\u00e7\u00f5es do Denarc, na casa desse tio foram achados mais R$ 8,6 mil, somando tudo em R$ 27,3 mil em dinheiro.<\/p>\n<p style=\"text-align: justify;\"><em>Com informa\u00e7\u00f5es do G1, em Sergipe<\/em><\/p>\n<p style=\"text-align: justify;\"><strong>Acompanhe o SE Not\u00edcias no <a href=\"https:\/\/twitter.com\/Senoticias\" target=\"_blank\">Twitter <\/a>e no <a href=\"https:\/\/www.facebook.com\/PortalSENoticias\" target=\"_blank\">Facebook<\/a><\/strong><\/p>\n","protected":false},"excerpt":{"rendered":"<p>A Secretaria de Estado da Seguran\u00e7a P\u00fablica (SSP) divulgou na ter\u00e7a-feira (23) detalhes das pris\u00f5es de dois homens suspeitos de tr\u00e1fico de drogas no bairro Jos\u00e9 Conrado de Ara\u00fajo, na Zona Norte de Aracaju. Com eles, foram encontradas drogas e mais de R$ 27 mil em dinheiro. Policiais do Departamento de Narc\u00f3ticos (Denarc) receberam den\u00fancias [&hellip;]<\/p>\n","protected":false},"author":1,"featured_media":81087,"comment_status":"closed","ping_status":"closed","sticky":false,"template":"","format":"standard","meta":{"footnotes":""},"categories":[7],"tags":[],"class_list":{"0":"post-81086","1":"post","2":"type-post","3":"status-publish","4":"format-standard","5":"has-post-thumbnail","7":"category-policia"},"_links":{"self":[{"href":"https:\/\/senoticias.com.br\/se\/wp-json\/wp\/v2\/posts\/81086"}],"collection":[{"href":"https:\/\/senoticias.com.br\/se\/wp-json\/wp\/v2\/posts"}],"about":[{"href":"https:\/\/senoticias.com.br\/se\/wp-json\/wp\/v2\/types\/post"}],"author":[{"embeddable":true,"href":"https:\/\/senoticias.com.br\/se\/wp-json\/wp\/v2\/users\/1"}],"replies":[{"embeddable":true,"href":"https:\/\/senoticias.com.br\/se\/wp-json\/wp\/v2\/comments?post=81086"}],"version-history":[{"count":0,"href":"https:\/\/senoticias.com.br\/se\/wp-json\/wp\/v2\/posts\/81086\/revisions"}],"wp:featuredmedia":[{"embeddable":true,"href":"https:\/\/senoticias.com.br\/se\/wp-json\/wp\/v2\/media\/81087"}],"wp:attachment":[{"href":"https:\/\/senoticias.com.br\/se\/wp-json\/wp\/v2\/media?parent=81086"}],"wp:term":[{"taxonomy":"category","embeddable":true,"href":"https:\/\/senoticias.com.br\/se\/wp-json\/wp\/v2\/categories?post=81086"},{"taxonomy":"post_tag","embeddable":true,"href":"https:\/\/senoticias.com.br\/se\/wp-json\/wp\/v2\/tags?post=81086"}],"curies":[{"name":"wp","href":"https:\/\/api.w.org\/{rel}","templated":true}]}}