{"id":81084,"date":"2015-06-24T10:56:58","date_gmt":"2015-06-24T13:56:58","guid":{"rendered":"http:\/\/senoticias.com.br\/se\/?p=81084"},"modified":"2015-06-24T10:56:58","modified_gmt":"2015-06-24T13:56:58","slug":"prf-registra-nove-acidentes-nas-rodovias-federais-em-sergipe","status":"publish","type":"post","link":"https:\/\/senoticias.com.br\/se\/prf-registra-nove-acidentes-nas-rodovias-federais-em-sergipe\/","title":{"rendered":"PRF registra nove acidentes nas rodovias federais em Sergipe"},"content":{"rendered":"<div id=\"attachment_62932\" style=\"width: 568px\" class=\"wp-caption aligncenter\"><a href=\"http:\/\/senoticias.com.br\/se\/wp-content\/uploads\/2014\/04\/rodovia.jpg\"><img loading=\"lazy\" decoding=\"async\" aria-describedby=\"caption-attachment-62932\" class=\" wp-image-62932  \" alt=\"Nove acidentes foram registrados nas rodovias de Sergipe. (Foto: Foto Ilustrativa\/G1)\" src=\"http:\/\/senoticias.com.br\/se\/wp-content\/uploads\/2014\/04\/rodovia.jpg\" width=\"558\" height=\"414\" srcset=\"https:\/\/senoticias.com.br\/se\/wp-content\/uploads\/2014\/04\/rodovia.jpg 620w, https:\/\/senoticias.com.br\/se\/wp-content\/uploads\/2014\/04\/rodovia-300x222.jpg 300w, https:\/\/senoticias.com.br\/se\/wp-content\/uploads\/2014\/04\/rodovia-342x253.jpg 342w, https:\/\/senoticias.com.br\/se\/wp-content\/uploads\/2014\/04\/rodovia-60x45.jpg 60w, https:\/\/senoticias.com.br\/se\/wp-content\/uploads\/2014\/04\/rodovia-269x201.jpg 269w\" sizes=\"(max-width: 558px) 100vw, 558px\" \/><\/a><p id=\"caption-attachment-62932\" class=\"wp-caption-text\">Nove acidentes foram registrados nas rodovias de Sergipe. (Foto: Foto Ilustrativa\/G1)<\/p><\/div>\n<p style=\"text-align: justify;\">A Pol\u00edcia Rodovi\u00e1ria Federal (PRF) registrou nove acidentes nas \u00faltimas 24 horas at\u00e9 a manh\u00e3 desta quarta-feira (24) nas estradas de Sergipe. Um pedestre ficou gravemente ferido ao ser atropelado no KM 90,5 da BR-101 em Nossa Senhora do Socorro.<\/p>\n<p style=\"text-align: justify;\">Duas pessoas tiveram ferimentos leves em uma sa\u00edda de pista de um ve\u00edculo que trafegava pelo KM 142 da BR-101 em Est\u00e2ncia. No munic\u00edpio de S\u00e3o Crist\u00f3v\u00e3o, houve uma colis\u00e3o lateral envolvendo dois ve\u00edculos com apenas danos materiais.<\/p>\n<p style=\"text-align: justify;\">Na BR-235 houve uma colis\u00e3o transversal entre dois carros nas imedia\u00e7\u00f5es do munic\u00edpio de Carira. Na mesma rodovia, outros tr\u00eas ve\u00edculos se envolveram em um engavetamento em Aracaju. Em ambos os casos houve apenas danos materiais.<\/p>\n<p style=\"text-align: justify;\">Em S\u00e3o Francisco aconteceram tr\u00eas acidentes em v\u00e1rios trechos da BR-101 que cortam o munic\u00edpio. Sete ve\u00edculos se envolveram em capotamento e colis\u00f5es lateral e traseira. Um ve\u00edculo colidiu em objeto fixo em Itaporanga D\u2019Ajuda.<\/p>\n<p style=\"text-align: justify;\"><em>Com informa\u00e7\u00f5es do G1, em Sergipe<\/em><\/p>\n<p style=\"text-align: justify;\"><strong>Acompanhe o SE Not\u00edcias no <a href=\"https:\/\/twitter.com\/Senoticias\" target=\"_blank\">Twitter <\/a>e no <a href=\"https:\/\/www.facebook.com\/PortalSENoticias\" target=\"_blank\">Facebook<\/a><\/strong><\/p>\n","protected":false},"excerpt":{"rendered":"<p>A Pol\u00edcia Rodovi\u00e1ria Federal (PRF) registrou nove acidentes nas \u00faltimas 24 horas at\u00e9 a manh\u00e3 desta quarta-feira (24) nas estradas de Sergipe. Um pedestre ficou gravemente ferido ao ser atropelado no KM 90,5 da BR-101 em Nossa Senhora do Socorro. Duas pessoas tiveram ferimentos leves em uma sa\u00edda de pista de um ve\u00edculo que trafegava [&hellip;]<\/p>\n","protected":false},"author":1,"featured_media":62932,"comment_status":"closed","ping_status":"closed","sticky":false,"template":"","format":"standard","meta":{"footnotes":""},"categories":[7],"tags":[],"class_list":{"0":"post-81084","1":"post","2":"type-post","3":"status-publish","4":"format-standard","5":"has-post-thumbnail","7":"category-policia"},"_links":{"self":[{"href":"https:\/\/senoticias.com.br\/se\/wp-json\/wp\/v2\/posts\/81084"}],"collection":[{"href":"https:\/\/senoticias.com.br\/se\/wp-json\/wp\/v2\/posts"}],"about":[{"href":"https:\/\/senoticias.com.br\/se\/wp-json\/wp\/v2\/types\/post"}],"author":[{"embeddable":true,"href":"https:\/\/senoticias.com.br\/se\/wp-json\/wp\/v2\/users\/1"}],"replies":[{"embeddable":true,"href":"https:\/\/senoticias.com.br\/se\/wp-json\/wp\/v2\/comments?post=81084"}],"version-history":[{"count":0,"href":"https:\/\/senoticias.com.br\/se\/wp-json\/wp\/v2\/posts\/81084\/revisions"}],"wp:featuredmedia":[{"embeddable":true,"href":"https:\/\/senoticias.com.br\/se\/wp-json\/wp\/v2\/media\/62932"}],"wp:attachment":[{"href":"https:\/\/senoticias.com.br\/se\/wp-json\/wp\/v2\/media?parent=81084"}],"wp:term":[{"taxonomy":"category","embeddable":true,"href":"https:\/\/senoticias.com.br\/se\/wp-json\/wp\/v2\/categories?post=81084"},{"taxonomy":"post_tag","embeddable":true,"href":"https:\/\/senoticias.com.br\/se\/wp-json\/wp\/v2\/tags?post=81084"}],"curies":[{"name":"wp","href":"https:\/\/api.w.org\/{rel}","templated":true}]}}