{"id":81076,"date":"2015-06-24T09:44:12","date_gmt":"2015-06-24T12:44:12","guid":{"rendered":"http:\/\/senoticias.com.br\/se\/?p=81076"},"modified":"2015-06-25T10:11:32","modified_gmt":"2015-06-25T13:11:32","slug":"rrrrrrrrrrrrrrrrrrrrr","status":"publish","type":"post","link":"https:\/\/senoticias.com.br\/se\/rrrrrrrrrrrrrrrrrrrrr\/","title":{"rendered":"Cantor Cristiano Ara\u00fajo e namorada morrem em acidente de carro"},"content":{"rendered":"<p>&nbsp;<\/p>\n<p><strong><em>Fernanda Borges e S\u00edlvio T\u00falio, do <a href=\"http:\/\/g1.globo.com\/goias\/noticia\/2015\/06\/cantor-cristiano-araujo-morre-apos-acidente-de-carro-em-goias.html\" target=\"_blank\">G1<\/a> GO<\/em><\/strong><\/p>\n<p style=\"text-align: justify;\">O cantor goiano\u00a0Cristiano Ara\u00fajo, de 29 anos, e a namorada dele, Allana Coelho Pinto de Moraes, de 19, morreram na manh\u00e3 desta quarta-feira (24) ap\u00f3s um acidente de carro na BR-153, no km 614, entre\u00a0Morrinhos\u00a0e o trevo de\u00a0Pontalina, em Goi\u00e1s. O Hospital de Urg\u00eancias de\u00a0Goi\u00e2nia(Hugo), para onde ele foi transferido, e a assessoria de imprensa do sertanejo confirmaram a informa\u00e7\u00e3o \u00e0s 8h30.<\/p>\n<div id=\"attachment_81078\" style=\"width: 609px\" class=\"wp-caption aligncenter\"><a href=\"http:\/\/senoticias.com.br\/se\/wp-content\/uploads\/2015\/06\/cristiano_araujo-e1435150230219.jpg\"><img loading=\"lazy\" decoding=\"async\" aria-describedby=\"caption-attachment-81078\" class=\"size-full wp-image-81078\" alt=\"Cristiano Ara\u00fajo voltava de show em Itumbiara quando sofreu acidente. (Foto: Divulga\u00e7\u00e3o)\" src=\"http:\/\/senoticias.com.br\/se\/wp-content\/uploads\/2015\/06\/cristiano_araujo-e1435150230219.jpg\" width=\"599\" height=\"449\" \/><\/a><p id=\"caption-attachment-81078\" class=\"wp-caption-text\">Cristiano Ara\u00fajo voltava de show em Itumbiara quando sofreu acidente. (Foto: Divulga\u00e7\u00e3o)<\/p><\/div>\n<p style=\"text-align: justify;\">J\u00e1 a morte de Allana foi confirmada pelo empres\u00e1rio do cantor, Ant\u00f4nio Pereira dos Santos. &#8220;O corpo dela foi levado ao IML [Instituto M\u00e9dico Legal] de Morrinhos e os familiares foram ao local para a libera\u00e7\u00e3o&#8221;.<\/p>\n<p style=\"text-align: justify;\">Segundo o Corpo de Bombeiros, o sertanejo voltava de um show em Itumbiara, no sul do estado, por volta das 3h30,\u00a0quando ve\u00edculo em que ele estava, um Range Rover, saiu da pista e capotou.\u00a0O cantor chegou a ser socorrido<strong>(veja v\u00eddeo abaixo)<\/strong>\u00a0ao Hospital Municipal de Morrinhos e depois transferido em uma Unidade de Terapia Intensiva (UTI) M\u00f3vel at\u00e9 a capital. Em seguida, seguiu de helic\u00f3ptero at\u00e9 o Hugo, mas n\u00e3o resistiu.<\/p>\n<p style=\"text-align: justify;\">Al\u00e9m do cantor e da namorada, outras duas pessoas estavam no carro, sendo outro empres\u00e1rio e o motorista. Segundo os bombeiros, eles sofreram ferimentos leves e tamb\u00e9m foram encaminhados a um hospital na capital.<\/p>\n<p style=\"text-align: justify;\">A Pol\u00edcia Rodovi\u00e1ria Federal (PRF) informou que as causas do acidente ainda s\u00e3o apuradas. \u201cFizemos um levantamento no ve\u00edculo, que \u00e9 do ano de 2015, e ele estava em perfeitas condi\u00e7\u00f5es. A suspeita inicial \u00e9 que o motorista tenha dormido ao volante, mas tudo isso ainda \u00e9 devidamente apurado\u201d, afirmou o inspetor Newton Moraes.<\/p>\n<p style=\"text-align: justify;\">Segundo o Ant\u00f4nio Pereira dos Santos, o cantor costumava viajar com um motorista particular para que &#8220;pudesse dormir ap\u00f3s o show e n\u00e3o precisasse dirigir&#8221;. Ele ressaltou, ainda, que o condutor &#8220;\u00e9 experiente e acostumado a guiar de madrugada&#8221;.<\/p>\n<p>A assessoria de imprensa do cantor informou que o vel\u00f3rio ser\u00e1 realizado no Gin\u00e1sio Goi\u00e2nia Arena, na capital. O hor\u00e1rio ainda n\u00e3o foi definido, pois depende da libera\u00e7\u00e3o do corpo do sertanejo.<\/p>\n<p style=\"text-align: justify;\"><strong>Shows<\/strong><br \/>\nNa \u00faltima ter\u00e7a-feira (23), o cantor publicou em sua p\u00e1gina no Instagram uma mensagem dizendo que estava partindo da Bahia, ao lado na namorada, com destino a Itumbiara.\u00a0Ap\u00f3s o acidente, muitos f\u00e3s comentaram na imagem sobre o ocorrido e mandam mensagens de solidariedade ao cantor.<\/p>\n<p>O pr\u00f3ximo show de Cristiano Ara\u00fajo estava marcado para acontecer na noite desta quarta-feira em Caruaru, em Pernambuco. No s\u00e1bado (27), ele se apresentaria na Praia de Iracema, em Fortaleza, no Cear\u00e1.<\/p>\n<p style=\"text-align: justify;\"><strong>Trajet\u00f3ria<br \/>\n<\/strong><br \/>\nO goiano foi &#8220;cantor por natureza&#8221; j\u00e1 que a m\u00fasica est\u00e1 h\u00e1 quatro gera\u00e7\u00f5es na sua fam\u00edlia, desde seus bisav\u00f3s, av\u00f3s, pais e tios.\u00a0Segundo o perfil de seu site oficial, aos seis anos ele ganhou seu primeiro viol\u00e3o, no qual fez seus primeiros acordes, e aos nove, come\u00e7ou a se apresentar em p\u00fablico.<\/p>\n<p style=\"text-align: justify;\">Aos 10 anos fez sua primeira composi\u00e7\u00e3o e aos 13, gravou seu primeiro CD com cinco m\u00fasicas. Continuou com sua carreira solo at\u00e9 os 17 anos, quando resolveu cantar em duplas, em um per\u00edodo que durou cerca de seis anos.<\/p>\n<p style=\"text-align: justify;\">Em 2010, resolveu seguir de fato carreira solo, preparando a grava\u00e7\u00e3o de CD e DVD com participa\u00e7\u00f5es de v\u00e1rios artistas. Em janeiro de 2011, o projeto foi concretizado, com a ajuda de grandes cantores e amigos, como Jorge (da dupla Jorge e Mateus), Gusttavo Lima, Humberto e Ronaldo, entre outros. Foi a\u00ed que ele estourou em 2011, com a m\u00fasica &#8220;Efeitos&#8221;, gravada com o tamb\u00e9m sertanejo Jorge, da dupla Jorge e Matheus.<\/p>\n","protected":false},"excerpt":{"rendered":"<p>&nbsp; Fernanda Borges e S\u00edlvio T\u00falio, do G1 GO O cantor goiano\u00a0Cristiano Ara\u00fajo, de 29 anos, e a namorada dele, Allana Coelho Pinto de Moraes, de 19, morreram na manh\u00e3 desta quarta-feira (24) ap\u00f3s um acidente de carro na BR-153, no km 614, entre\u00a0Morrinhos\u00a0e o trevo de\u00a0Pontalina, em Goi\u00e1s. O Hospital de Urg\u00eancias de\u00a0Goi\u00e2nia(Hugo), para [&hellip;]<\/p>\n","protected":false},"author":1,"featured_media":81078,"comment_status":"closed","ping_status":"closed","sticky":false,"template":"","format":"standard","meta":{"footnotes":""},"categories":[310,22],"tags":[],"class_list":{"0":"post-81076","1":"post","2":"type-post","3":"status-publish","4":"format-standard","5":"has-post-thumbnail","7":"category-destaques-da-semana","8":"category-famosos"},"_links":{"self":[{"href":"https:\/\/senoticias.com.br\/se\/wp-json\/wp\/v2\/posts\/81076"}],"collection":[{"href":"https:\/\/senoticias.com.br\/se\/wp-json\/wp\/v2\/posts"}],"about":[{"href":"https:\/\/senoticias.com.br\/se\/wp-json\/wp\/v2\/types\/post"}],"author":[{"embeddable":true,"href":"https:\/\/senoticias.com.br\/se\/wp-json\/wp\/v2\/users\/1"}],"replies":[{"embeddable":true,"href":"https:\/\/senoticias.com.br\/se\/wp-json\/wp\/v2\/comments?post=81076"}],"version-history":[{"count":0,"href":"https:\/\/senoticias.com.br\/se\/wp-json\/wp\/v2\/posts\/81076\/revisions"}],"wp:featuredmedia":[{"embeddable":true,"href":"https:\/\/senoticias.com.br\/se\/wp-json\/wp\/v2\/media\/81078"}],"wp:attachment":[{"href":"https:\/\/senoticias.com.br\/se\/wp-json\/wp\/v2\/media?parent=81076"}],"wp:term":[{"taxonomy":"category","embeddable":true,"href":"https:\/\/senoticias.com.br\/se\/wp-json\/wp\/v2\/categories?post=81076"},{"taxonomy":"post_tag","embeddable":true,"href":"https:\/\/senoticias.com.br\/se\/wp-json\/wp\/v2\/tags?post=81076"}],"curies":[{"name":"wp","href":"https:\/\/api.w.org\/{rel}","templated":true}]}}