{"id":81065,"date":"2015-06-23T11:39:48","date_gmt":"2015-06-23T14:39:48","guid":{"rendered":"http:\/\/senoticias.com.br\/se\/?p=81065"},"modified":"2015-06-25T10:13:10","modified_gmt":"2015-06-25T13:13:10","slug":"policia-civil-prende-homem-acusado-de-matar-desafeto-em-sao-cristovao","status":"publish","type":"post","link":"https:\/\/senoticias.com.br\/se\/policia-civil-prende-homem-acusado-de-matar-desafeto-em-sao-cristovao\/","title":{"rendered":"Pol\u00edcia Civil prende homem acusado de matar desafeto em S\u00e3o Crist\u00f3v\u00e3o"},"content":{"rendered":"<p style=\"text-align: justify;\">Policiais do Departamento de Homic\u00eddios e Prote\u00e7\u00e3o a Pessoa (DHPP) da Pol\u00edcia Civil prendeu no \u00faltimo domingo, 21, no Jardim Universit\u00e1rio, em S\u00e3o Crist\u00f3v\u00e3o, Bruno Barbosa de Jesus, 19 anos, acusado de matar a tiros, no dia 27 de dezembro de 2013, o adolescente Fabr\u00edcio Gon\u00e7alves da Silva, conhecido como \u201cSonso\u201d, 17 anos.<\/p>\n<div id=\"attachment_81067\" style=\"width: 609px\" class=\"wp-caption aligncenter\"><a href=\"http:\/\/senoticias.com.br\/se\/wp-content\/uploads\/2015\/06\/Desafeto-e1435070311165.jpg\"><img loading=\"lazy\" decoding=\"async\" aria-describedby=\"caption-attachment-81067\" class=\"size-full wp-image-81067\" alt=\"O suspeito foi preso preventivamente no domingo (21). (Foto: T\u00e1ssio Andrade\/G1)\" src=\"http:\/\/senoticias.com.br\/se\/wp-content\/uploads\/2015\/06\/Desafeto-e1435070311165.jpg\" width=\"599\" height=\"449\" \/><\/a><p id=\"caption-attachment-81067\" class=\"wp-caption-text\">O suspeito foi preso preventivamente no domingo (21). (Foto: T\u00e1ssio Andrade\/G1)<\/p><\/div>\n<p style=\"text-align: justify;\">Segundo a delegada Rosana Freitas, o crime foi registrado na mesma localidade onde Bruno foi preso. \u201cAp\u00f3s o crime, ele fugiu e somente foi preso agora. Na \u00e9poca, acreditamos que ele praticou o homic\u00eddio em companhia de mais um comparsa, por\u00e9m n\u00e3o conseguimos localizar nem identificar este suspeito\u201d, explicou.<\/p>\n<p style=\"text-align: justify;\">No momento da pris\u00e3o feita por policiais da 5\u00aa Divis\u00e3o do DHPP, Bruno confessou o crime, mas voltou a negar na delegacia. A prov\u00e1vel causa do homic\u00eddio do adolescente foi por causa da disputa de venda de drogas naquela localidade. \u201cSonso estava morando no povoado a poucos dias e j\u00e1 tinha iniciado a venda de drogas, o que irritou Bruno que tamb\u00e9m comercializava na mesma regi\u00e3o\u201d.<\/p>\n<p style=\"text-align: justify;\">Inicialmente, levantou-se a hip\u00f3tese de que o homic\u00eddio tivesse sido praticado por rixas de torcidas organizadas. \u201cBruno \u00e9 de uma torcida organizada do Sergipe e a v\u00edtima estava vestido com uma camisa de uma torcida organizada do Confian\u00e7a, mas embora tenhamos confirmado essa briga, n\u00e3o h\u00e1 d\u00favidas de que o motivo principal foi o tr\u00e1fico de entorpecentes\u201d. Bruno ser\u00e1 encaminhado ao Sistema Prisional do Estado.<\/p>\n<p><strong>Acompanhe o SE Not\u00edcias no <a href=\"  https:\/\/twitter.com\/Senoticias\" target=\"_blank\">Twitter<\/a> e no <a href=\"  https:\/\/www.facebook.com\/PortalSENoticias\" target=\"_blank\">Facebook<\/a><\/strong><\/p>\n<p style=\"text-align: justify;\">Informa\u00e7\u00f5es da SSP\/SE<\/p>\n<p>&nbsp;<\/p>\n","protected":false},"excerpt":{"rendered":"<p>Policiais do Departamento de Homic\u00eddios e Prote\u00e7\u00e3o a Pessoa (DHPP) da Pol\u00edcia Civil prendeu no \u00faltimo domingo, 21, no Jardim Universit\u00e1rio, em S\u00e3o Crist\u00f3v\u00e3o, Bruno Barbosa de Jesus, 19 anos, acusado de matar a tiros, no dia 27 de dezembro de 2013, o adolescente Fabr\u00edcio Gon\u00e7alves da Silva, conhecido como \u201cSonso\u201d, 17 anos. Segundo a [&hellip;]<\/p>\n","protected":false},"author":1,"featured_media":81067,"comment_status":"closed","ping_status":"closed","sticky":false,"template":"","format":"standard","meta":{"footnotes":""},"categories":[7],"tags":[],"class_list":{"0":"post-81065","1":"post","2":"type-post","3":"status-publish","4":"format-standard","5":"has-post-thumbnail","7":"category-policia"},"_links":{"self":[{"href":"https:\/\/senoticias.com.br\/se\/wp-json\/wp\/v2\/posts\/81065"}],"collection":[{"href":"https:\/\/senoticias.com.br\/se\/wp-json\/wp\/v2\/posts"}],"about":[{"href":"https:\/\/senoticias.com.br\/se\/wp-json\/wp\/v2\/types\/post"}],"author":[{"embeddable":true,"href":"https:\/\/senoticias.com.br\/se\/wp-json\/wp\/v2\/users\/1"}],"replies":[{"embeddable":true,"href":"https:\/\/senoticias.com.br\/se\/wp-json\/wp\/v2\/comments?post=81065"}],"version-history":[{"count":0,"href":"https:\/\/senoticias.com.br\/se\/wp-json\/wp\/v2\/posts\/81065\/revisions"}],"wp:featuredmedia":[{"embeddable":true,"href":"https:\/\/senoticias.com.br\/se\/wp-json\/wp\/v2\/media\/81067"}],"wp:attachment":[{"href":"https:\/\/senoticias.com.br\/se\/wp-json\/wp\/v2\/media?parent=81065"}],"wp:term":[{"taxonomy":"category","embeddable":true,"href":"https:\/\/senoticias.com.br\/se\/wp-json\/wp\/v2\/categories?post=81065"},{"taxonomy":"post_tag","embeddable":true,"href":"https:\/\/senoticias.com.br\/se\/wp-json\/wp\/v2\/tags?post=81065"}],"curies":[{"name":"wp","href":"https:\/\/api.w.org\/{rel}","templated":true}]}}