{"id":81063,"date":"2015-06-23T11:38:39","date_gmt":"2015-06-23T14:38:39","guid":{"rendered":"http:\/\/senoticias.com.br\/se\/?p=81063"},"modified":"2015-06-23T11:38:39","modified_gmt":"2015-06-23T14:38:39","slug":"inverno-pode-trazer-riscos-a-saude-visual-das-pessoas-alerta-sbo","status":"publish","type":"post","link":"https:\/\/senoticias.com.br\/se\/inverno-pode-trazer-riscos-a-saude-visual-das-pessoas-alerta-sbo\/","title":{"rendered":"Inverno pode trazer riscos \u00e0 sa\u00fade visual das pessoas, alerta SBO"},"content":{"rendered":"<div id=\"attachment_81066\" style=\"width: 310px\" class=\"wp-caption alignright\"><a href=\"http:\/\/senoticias.com.br\/se\/wp-content\/uploads\/2015\/06\/236201572219.jpg\"><img loading=\"lazy\" decoding=\"async\" aria-describedby=\"caption-attachment-81066\" class=\"size-medium wp-image-81066\" alt=\"Foto: Divulga\u00e7\u00e3o \" src=\"http:\/\/senoticias.com.br\/se\/wp-content\/uploads\/2015\/06\/236201572219-300x200.jpg\" width=\"300\" height=\"200\" srcset=\"https:\/\/senoticias.com.br\/se\/wp-content\/uploads\/2015\/06\/236201572219-300x200.jpg 300w, https:\/\/senoticias.com.br\/se\/wp-content\/uploads\/2015\/06\/236201572219-342x228.jpg 342w, https:\/\/senoticias.com.br\/se\/wp-content\/uploads\/2015\/06\/236201572219.jpg 580w\" sizes=\"(max-width: 300px) 100vw, 300px\" \/><\/a><p id=\"caption-attachment-81066\" class=\"wp-caption-text\">Foto: Divulga\u00e7\u00e3o<\/p><\/div>\n<p style=\"text-align: justify;\">O inverno come\u00e7ou no \u00faltimo domingo (21) em todo o pa\u00eds, com a ocorr\u00eancia de dias mais frios e a utiliza\u00e7\u00e3o de agasalhos por boa parte da popula\u00e7\u00e3o. A esta\u00e7\u00e3o pode trazer risco de complica\u00e7\u00f5es para a sa\u00fade visual das pessoas, alertou o presidente da Comiss\u00e3o de Projetos Especiais da Sociedade Brasileira de Oftalmologia (SBO), Marcus Safady.<\/p>\n<p style=\"text-align: justify;\">Enquanto o ver\u00e3o \u00e9 caracterizado por conjuntivites bacterianas e a primavera por conjuntivites al\u00e9rgicas, no inverno a queda da umidade relativa do ar costuma piorar os sintomas de quem tem a s\u00edndrome do olho seco, ou olho ressecado, que inclui sensa\u00e7\u00f5es de queima\u00e7\u00e3o, areia, emba\u00e7amento, entre outros. \u201cPorque \u00e9 uma \u00e9poca de umidade mais baixa, na qual as pessoas que j\u00e1 t\u00eam um ressecamento ocular tendem a sofrer um pouquinho mais\u201d.<\/p>\n<p style=\"text-align: justify;\">Durante a fase do inverno, Safady destacou que se a pessoa tiver que permanecer em ambientes mais agressivos, com ar condicionado muito forte, ou sujeito a vento ou poeira, \u00e9 preciso tomar cuidados adicionais. O col\u00edrio, por exemplo, \u201cque \u00e9, normalmente, uma l\u00e1grima artificial que o paciente utiliza, deve ser usado mais vezes\u201d. Marcus Safady lembrou que em viagens de avi\u00e3o que duram mais de oito horas, o passageiro deve, al\u00e9m de beber muito l\u00edquido e lavar o rosto, pingar col\u00edrio, ou lubrificante ocular, de meia em meia hora. \u201cS\u00e3o maneiras de minorar as complica\u00e7\u00f5es que o meio ambiente traz para o paciente com olho ressecado\u201d.<\/p>\n<p style=\"text-align: justify;\">Essa s\u00edndrome do olho seco difere de regi\u00e3o para regi\u00e3o do Brasil, \u201cporque varia com a umidade do ar. Quanto menor a umidade, mais sintomas vai ter esse paciente e mais cuidados e mais frequ\u00eancia de uso desses col\u00edrios\u201d, explicou. Ele acrescentou que \u00e9 muito comum um paciente que tem a s\u00edndrome do olho seco equilibrada no Rio de Janeiro e se muda para Bras\u00edlia ter uma piora no quadro de ressecamento ocular, al\u00e9m da parte respirat\u00f3ria, em certas \u00e9pocas do ano em que a umidade cai ainda mais. \u201cA regionalidade do problema \u00e9 proporcional \u00e0 umidade do ar\u201d, enfatizou.<\/p>\n<p style=\"text-align: justify;\">Safady observou que o computador tamb\u00e9m desencadeia sintomas de ressecamento ocular para uma pessoa que normalmente n\u00e3o tem essa s\u00edndrome. Isso \u00e9 agravado se o ambiente tem ar condicionado muito frio. \u201cS\u00f3 o uso do computador, por si s\u00f3, e v\u00e1rios estudos mostraram isso, diminui o \u00edndice de piscar, que faz a l\u00e1grima renovar e proteger o olho de maneira eficaz\u201d.<\/p>\n<p style=\"text-align: justify;\">De acordo com o oftalmologista, a gente pisca, em m\u00e9dia, uma vez a cada seis ou dez segundos. Estudos indicam que quando a pessoa est\u00e1 no computador, ela chega, \u00e0s vezes, a ficar 30 segundos sem piscar, com repercuss\u00f5es na lubrifica\u00e7\u00e3o ocular e nos sintomas de ressecamento. A recomenda\u00e7\u00e3o do especialista \u00e9 que a pessoa procure piscar mais vezes diante do computador. A m\u00e9dia ideal \u00e9 piscar a cada dez segundos. \u201cAo mesmo tempo, piscar mais e instilar mais o col\u00edrio protetor. A orienta\u00e7\u00e3o b\u00e1sica \u00e9 essa: piscar e lubrificar\u201d.<\/p>\n<p style=\"text-align: justify;\">Safady admitiu que o uso de umidificadores em casa ou no trabalho pode ser \u00fatil durante o inverno, aumentando a umidade do ar e melhorando os sintomas da s\u00edndrome. Em rela\u00e7\u00e3o ao uso de \u00f3culos escuros durante o inverno, disse que n\u00e3o h\u00e1 contraindica\u00e7\u00e3o. Os \u00f3culos protegem mais mecanicamente contra vento ou poeira, mas n\u00e3o proporcionam nenhuma vantagem terap\u00eautica. A pessoa pode usar \u00f3culos escuros se a incid\u00eancia de luz incomodar.<\/p>\n<p style=\"text-align: justify;\"><em>Fonte: Ag\u00eancia Brasil<\/em><\/p>\n<p style=\"text-align: justify;\"><strong>Acompanhe o SE Not\u00edcias no <a href=\"https:\/\/twitter.com\/Senoticias\" target=\"_blank\">Twitter <\/a>e no <a href=\"https:\/\/www.facebook.com\/PortalSENoticias\" target=\"_blank\">Facebook<\/a><\/strong><\/p>\n","protected":false},"excerpt":{"rendered":"<p>O inverno come\u00e7ou no \u00faltimo domingo (21) em todo o pa\u00eds, com a ocorr\u00eancia de dias mais frios e a utiliza\u00e7\u00e3o de agasalhos por boa parte da popula\u00e7\u00e3o. A esta\u00e7\u00e3o pode trazer risco de complica\u00e7\u00f5es para a sa\u00fade visual das pessoas, alertou o presidente da Comiss\u00e3o de Projetos Especiais da Sociedade Brasileira de Oftalmologia (SBO), [&hellip;]<\/p>\n","protected":false},"author":1,"featured_media":81066,"comment_status":"closed","ping_status":"closed","sticky":false,"template":"","format":"standard","meta":{"footnotes":""},"categories":[1],"tags":[],"class_list":{"0":"post-81063","1":"post","2":"type-post","3":"status-publish","4":"format-standard","5":"has-post-thumbnail","7":"category-sem-categoria"},"_links":{"self":[{"href":"https:\/\/senoticias.com.br\/se\/wp-json\/wp\/v2\/posts\/81063"}],"collection":[{"href":"https:\/\/senoticias.com.br\/se\/wp-json\/wp\/v2\/posts"}],"about":[{"href":"https:\/\/senoticias.com.br\/se\/wp-json\/wp\/v2\/types\/post"}],"author":[{"embeddable":true,"href":"https:\/\/senoticias.com.br\/se\/wp-json\/wp\/v2\/users\/1"}],"replies":[{"embeddable":true,"href":"https:\/\/senoticias.com.br\/se\/wp-json\/wp\/v2\/comments?post=81063"}],"version-history":[{"count":0,"href":"https:\/\/senoticias.com.br\/se\/wp-json\/wp\/v2\/posts\/81063\/revisions"}],"wp:featuredmedia":[{"embeddable":true,"href":"https:\/\/senoticias.com.br\/se\/wp-json\/wp\/v2\/media\/81066"}],"wp:attachment":[{"href":"https:\/\/senoticias.com.br\/se\/wp-json\/wp\/v2\/media?parent=81063"}],"wp:term":[{"taxonomy":"category","embeddable":true,"href":"https:\/\/senoticias.com.br\/se\/wp-json\/wp\/v2\/categories?post=81063"},{"taxonomy":"post_tag","embeddable":true,"href":"https:\/\/senoticias.com.br\/se\/wp-json\/wp\/v2\/tags?post=81063"}],"curies":[{"name":"wp","href":"https:\/\/api.w.org\/{rel}","templated":true}]}}