{"id":81061,"date":"2015-06-23T11:32:42","date_gmt":"2015-06-23T14:32:42","guid":{"rendered":"http:\/\/senoticias.com.br\/se\/?p=81061"},"modified":"2015-06-23T11:33:16","modified_gmt":"2015-06-23T14:33:16","slug":"prazo-para-matricula-no-sisu-de-meio-de-ano-termina-nesta-terca-feira-23","status":"publish","type":"post","link":"https:\/\/senoticias.com.br\/se\/prazo-para-matricula-no-sisu-de-meio-de-ano-termina-nesta-terca-feira-23\/","title":{"rendered":"Prazo para matr\u00edcula no Sisu de meio de ano termina nesta ter\u00e7a-feira, 23"},"content":{"rendered":"<p style=\"text-align: justify;\">Termina nesta ter\u00e7a-feira (23) o prazo para os candidatos que foram aprovados nos cursos oferecidos pelo Sistema de Sele\u00e7\u00e3o Unificada (Sisu) fazerem a matr\u00edcula na institui\u00e7\u00e3o correspondente.<\/p>\n<div id=\"attachment_81062\" style=\"width: 568px\" class=\"wp-caption aligncenter\"><a href=\"http:\/\/senoticias.com.br\/se\/wp-content\/uploads\/2015\/06\/sem_titulo-1.jpg\"><img loading=\"lazy\" decoding=\"async\" aria-describedby=\"caption-attachment-81062\" class=\" wp-image-81062 \" alt=\"Resultado da chamada regular do Sisu j\u00e1 est\u00e1 dispon\u00edvel (Foto: Reprodu\u00e7\u00e3o)\" src=\"http:\/\/senoticias.com.br\/se\/wp-content\/uploads\/2015\/06\/sem_titulo-1.jpg\" width=\"558\" height=\"330\" srcset=\"https:\/\/senoticias.com.br\/se\/wp-content\/uploads\/2015\/06\/sem_titulo-1.jpg 620w, https:\/\/senoticias.com.br\/se\/wp-content\/uploads\/2015\/06\/sem_titulo-1-300x177.jpg 300w, https:\/\/senoticias.com.br\/se\/wp-content\/uploads\/2015\/06\/sem_titulo-1-342x202.jpg 342w\" sizes=\"(max-width: 558px) 100vw, 558px\" \/><\/a><p id=\"caption-attachment-81062\" class=\"wp-caption-text\">Resultado da chamada regular do Sisu j\u00e1 est\u00e1 dispon\u00edvel (Foto: Reprodu\u00e7\u00e3o)<\/p><\/div>\n<p style=\"text-align: justify;\">O candidato aprovado que n\u00e3o fizer a matr\u00edcula ou n\u00e3o apresentar a documenta\u00e7\u00e3o corretamente, perde a vaga, a qual servir\u00e1 para a classifica\u00e7\u00e3o de outros candidatos por meio da lista de espera. Quem n\u00e3o passou tem at\u00e9 sexta-feira (26) para se inscrever na lista de espera no <a href=\"http:\/\/sisualuno.mec.gov.br\/\" target=\"_blank\"><strong>site do Sisu<\/strong><\/a>.<\/p>\n<p style=\"text-align: justify;\">O candidato selecionado pelo Sisu dever\u00e1 verificar, junto \u00e0 institui\u00e7\u00e3o de ensino em que foi aprovado, o local, hor\u00e1rio e procedimentos para matr\u00edcula.<\/p>\n<p style=\"text-align: justify;\"><strong>O que \u00e9 o Sisu?<\/strong><\/p>\n<p style=\"text-align: justify;\">O Sisu \u00e9 um sistema de processo seletivo, criado em 2009 pelo MEC, que usa as notas do Enem para selecionar estudantes para cursos de gradua\u00e7\u00e3o de universidades federais e institutos tecnol\u00f3gicos de ensino superior.<\/p>\n<p style=\"text-align: justify;\"><strong>Qual o percentual da reserva de vagas para a Lei de Cotas?<\/strong><\/p>\n<p style=\"text-align: justify;\">Todas as universidades que participam do Sisu reservaram, pelo menos, 37,5% das vagas para estudantes que cursaram o ensino m\u00e9dio em escolas p\u00fablicas. At\u00e9 2016, as institui\u00e7\u00f5es dever\u00e3o atingir o percentual de 50% de vagas reservadas.<\/p>\n<p style=\"text-align: justify;\"><strong>\u00c9 preciso ter uma nota m\u00ednima no Enem para participar do Sisu?<\/strong><\/p>\n<p style=\"text-align: justify;\">Sim, por dois aspectos. Primeiro, ser\u00e1 vetada a participa\u00e7\u00e3o de candidatos que tenham zerado a reda\u00e7\u00e3o. Em segundo lugar, o MEC esclarece que algumas institui\u00e7\u00f5es adotam notas m\u00ednimas para inscri\u00e7\u00e3o em determinados cursos. Nesses casos, o pr\u00f3prio sistema vai alertar o candidato durante o processo de inscri\u00e7\u00e3o.<\/p>\n<p style=\"text-align: justify;\"><strong>Existe lista de espera no Sisu?<\/strong><\/p>\n<p style=\"text-align: justify;\">Os candidatos que n\u00e3o foram selecionados em nenhuma das suas op\u00e7\u00f5es de curso na chamada regular ou os candidatos que foram aprovados em sua segunda op\u00e7\u00e3o poder\u00e3o participar da lista de espera. Estes estudantes dever\u00e3o acessar o seu boletim, na p\u00e1gina do Sisu, e manifestar interesse. Posteriormente, as universidades ter\u00e3o novo prazo para informar as vagas dispon\u00edveis em seus pr\u00f3prios sites.<\/p>\n<p style=\"text-align: justify;\">A participa\u00e7\u00e3o na lista de espera s\u00f3 poder\u00e1 ser feita na primeira op\u00e7\u00e3o de vaga do candidato. A convoca\u00e7\u00e3o dos candidatos nesta &#8220;segunda chamada&#8221; \u00e9 realizada diretamente por cada uma das institui\u00e7\u00f5es de ensino superior participantes do Sisu. Por isso, o candidato dever\u00e1 acompanhar junto \u00e0 pr\u00f3pria universidade o andamento da lista de espera.<\/p>\n<p style=\"text-align: justify;\"><strong>Documentos necess\u00e1rios<\/strong><\/p>\n<p style=\"text-align: justify;\">Para se inscrever no Sisu, o candidato precisar\u00e1 apenas do n\u00famero de inscri\u00e7\u00e3o e senha cadastrados no Enem. Em caso de aprova\u00e7\u00e3o, os estudantes devem ficar atentos \u00e0 documenta\u00e7\u00e3o exigida pela universidade para a matr\u00edcula. Esta informa\u00e7\u00e3o estar\u00e1 dispon\u00edvel no sistema, no momento de sua inscri\u00e7\u00e3o.<\/p>\n<p style=\"text-align: justify;\"><strong>Sisu e Prouni: qual diferen\u00e7a?<\/strong><\/p>\n<p style=\"text-align: justify;\">O Sisu \u00e9 a sigla para Sistema de Sele\u00e7\u00e3o Unificada. Atrav\u00e9s dele, institui\u00e7\u00f5es p\u00fablicas &#8211; sem cobran\u00e7a de mensalidade &#8211; selecionam alunos tendo como crit\u00e9rio a nota do candidato no Enem (Exame Nacional do Ensino M\u00e9dio).<\/p>\n<p style=\"text-align: justify;\">O Enem tamb\u00e9m \u00e9 usado em outras a\u00e7\u00f5es do MEC, como o Ci\u00eancia sem Fronteiras, o Fies e o Programa Universidade para Todos (Prouni). O Prouni concede bolsas de estudos integrais ou parciais em universidades privadas. O foco s\u00e3o estudantes que sa\u00edram de escolas p\u00fablicas e de baixa renda.<\/p>\n<p style=\"text-align: justify;\"><em>Com informa\u00e7\u00f5es do G1, em S\u00e3o Paulo<\/em><\/p>\n<p style=\"text-align: justify;\"><strong>Acompanhe o SE Not\u00edcias no <a href=\"https:\/\/twitter.com\/Senoticias\" target=\"_blank\">Twitter <\/a>e no <a href=\"https:\/\/www.facebook.com\/PortalSENoticias\" target=\"_blank\">Facebook<\/a><\/strong><\/p>\n","protected":false},"excerpt":{"rendered":"<p>Termina nesta ter\u00e7a-feira (23) o prazo para os candidatos que foram aprovados nos cursos oferecidos pelo Sistema de Sele\u00e7\u00e3o Unificada (Sisu) fazerem a matr\u00edcula na institui\u00e7\u00e3o correspondente. O candidato aprovado que n\u00e3o fizer a matr\u00edcula ou n\u00e3o apresentar a documenta\u00e7\u00e3o corretamente, perde a vaga, a qual servir\u00e1 para a classifica\u00e7\u00e3o de outros candidatos por meio [&hellip;]<\/p>\n","protected":false},"author":1,"featured_media":81062,"comment_status":"closed","ping_status":"closed","sticky":false,"template":"","format":"standard","meta":{"footnotes":""},"categories":[44],"tags":[],"class_list":{"0":"post-81061","1":"post","2":"type-post","3":"status-publish","4":"format-standard","5":"has-post-thumbnail","7":"category-educacao"},"_links":{"self":[{"href":"https:\/\/senoticias.com.br\/se\/wp-json\/wp\/v2\/posts\/81061"}],"collection":[{"href":"https:\/\/senoticias.com.br\/se\/wp-json\/wp\/v2\/posts"}],"about":[{"href":"https:\/\/senoticias.com.br\/se\/wp-json\/wp\/v2\/types\/post"}],"author":[{"embeddable":true,"href":"https:\/\/senoticias.com.br\/se\/wp-json\/wp\/v2\/users\/1"}],"replies":[{"embeddable":true,"href":"https:\/\/senoticias.com.br\/se\/wp-json\/wp\/v2\/comments?post=81061"}],"version-history":[{"count":0,"href":"https:\/\/senoticias.com.br\/se\/wp-json\/wp\/v2\/posts\/81061\/revisions"}],"wp:featuredmedia":[{"embeddable":true,"href":"https:\/\/senoticias.com.br\/se\/wp-json\/wp\/v2\/media\/81062"}],"wp:attachment":[{"href":"https:\/\/senoticias.com.br\/se\/wp-json\/wp\/v2\/media?parent=81061"}],"wp:term":[{"taxonomy":"category","embeddable":true,"href":"https:\/\/senoticias.com.br\/se\/wp-json\/wp\/v2\/categories?post=81061"},{"taxonomy":"post_tag","embeddable":true,"href":"https:\/\/senoticias.com.br\/se\/wp-json\/wp\/v2\/tags?post=81061"}],"curies":[{"name":"wp","href":"https:\/\/api.w.org\/{rel}","templated":true}]}}