{"id":80979,"date":"2015-06-24T20:18:35","date_gmt":"2015-06-24T23:18:35","guid":{"rendered":"http:\/\/senoticias.com.br\/se\/?p=80979"},"modified":"2015-06-25T10:06:40","modified_gmt":"2015-06-25T13:06:40","slug":"funcionarios-do-detran-entram-em-greve-na-quinta-feira-25","status":"publish","type":"post","link":"https:\/\/senoticias.com.br\/se\/funcionarios-do-detran-entram-em-greve-na-quinta-feira-25\/","title":{"rendered":"Paralisa\u00e7\u00e3o do Detran n\u00e3o afeta servi\u00e7os"},"content":{"rendered":"<p style=\"text-align: justify;\">O Departamento Estadual de Tr\u00e2nsito de Sergipe (Detran) informa , que, mesmo com a \u00a0greve prevista para iniciar nesta quinta-feira (25) os servi\u00e7os disponibilizados pelo portal de autoatendimento seguir\u00e3o funcionando normalmente. A entrega de documentos tamb\u00e9m continuar\u00e1 sendo realizada em todas as unidades do Detran\/SE.<\/p>\n<p style=\"text-align: justify;\">Quem quiser dar entrada na requisi\u00e7\u00e3o de servi\u00e7os de Habilita\u00e7\u00e3o como 1\u00aa Habilita\u00e7\u00e3o, Renova\u00e7\u00e3o Simples, CNH Definitiva (Troca da PPD pela CNH) e a 2\u00aa via de CNH, basta escolher a op\u00e7\u00e3o desejada no endere\u00e7o eletr\u00f4nico www.detran.se.gov.br \u00a0e imprimir a taxa e a requisi\u00e7\u00e3o de servi\u00e7o \u00a0geradas pelo sistema. Os boletos para pagamento de taxas continuam podendo ser impressos nos totens de autoatendimento e no site do \u00f3rg\u00e3o para serem quitados na ag\u00eancia banc\u00e1ria escolhida pelo usu\u00e1rio.<\/p>\n<div id=\"attachment_80980\" style=\"width: 609px\" class=\"wp-caption aligncenter\"><a href=\"http:\/\/senoticias.com.br\/se\/wp-content\/uploads\/2015\/06\/Detran-e1434842445517.jpg\"><img loading=\"lazy\" decoding=\"async\" aria-describedby=\"caption-attachment-80980\" class=\"size-full wp-image-80980\" alt=\"A greve foi aprovada em assembleia da categoria, realizada na manh\u00e3 deste s\u00e1bado(Divulga\u00e7\u00e3o\/ Sindetran.\" src=\"http:\/\/senoticias.com.br\/se\/wp-content\/uploads\/2015\/06\/Detran-e1434842445517.jpg\" width=\"599\" height=\"449\" \/><\/a><p id=\"caption-attachment-80980\" class=\"wp-caption-text\">A greve n\u00e3o afeta servi\u00e7os b\u00e1sicos (Divulga\u00e7\u00e3o\/ (Foto: \u00a0Sindetran).<\/p><\/div>\n<p style=\"text-align: justify;\">Com rela\u00e7\u00e3o ao Licenciamento Anual\/IPVA dos ve\u00edculos, o Documento \u00danico de Arrecada\u00e7\u00e3o (DUA ) pode ser impresso no site do Detran\/SE, nos totens de autoatendimento ou nos caixas eletr\u00f4nicos do Banese. \u00a0N\u00e3o \u00e9 necess\u00e1rio ser correntista do banco para fazer a impress\u00e3o do documento no Banese. Ap\u00f3s a quita\u00e7\u00e3o do DUA, o Certificado de Registro de Licenciamento de Ve\u00edculos (CRLV )ser\u00e1 enviado em at\u00e9 sete dias \u00fateis para a resid\u00eancia do propriet\u00e1rio, no endere\u00e7o registrado no Detran, por \u2018Carta Registrada\u2019 dos Correios.<\/p>\n<p>&nbsp;<\/p>\n<p style=\"text-align: justify;\">Quanto aos processos de 1\u00ba Emplacamento e Transfer\u00eancia de Propriedade que vencem no per\u00edodo da greve, as multas decorrentes de atraso n\u00e3o ser\u00e3o cobradas. Todos os ajustes necess\u00e1rios no sistema da autarquia ser\u00e3o feitos para que os usu\u00e1rios n\u00e3o sejam penalizados por conta da paralisa\u00e7\u00e3o. A entrega de documentos de usu\u00e1rios que tenham finalizado todas as etapas do processo antes da greve tamb\u00e9m continuar\u00e1 sendo realizada em todas as unidades do Detran. Neste per\u00edodo, o servi\u00e7o de vistoria funcionar\u00e1 apenas na sede, na Avenida Tancredo Neves, com um efetivo de 30% dos servidores.<\/p>\n<p><strong>\u00a0<\/strong><\/p>\n<p><strong>Sobre a paralisa\u00e7\u00e3o<\/strong><\/p>\n<p>&nbsp;<\/p>\n<p style=\"text-align: justify;\">Em rela\u00e7\u00e3o \u00e0 paralisa\u00e7\u00e3o dos servidores do Departamento Estadual de Tr\u00e2nsito (Detran), a \u00a0autarquia informa que o governo sempre manteve aberto o canal de di\u00e1logo com o Sindicato dos Assistentes de Tr\u00e2nsito, Vistoriadores de Tr\u00e2nsito e Servidores do Detran do Estado de Sergipe (Sindetran). Na ter\u00e7a-feira (23) o presidente do sindicato, Thiago Bonfim, foi recebido mais uma vez pelo diretor-presidente do Detran\/SE, Edgard da Motta, para dialogar sobre a pauta de reivindica\u00e7\u00f5es da categoria. A reuni\u00e3o contou com a participa\u00e7\u00e3o da Superintendente Executiva da Secretaria de Estado de Planejamento, Or\u00e7amento e Gest\u00e3o (Seplag) Lucivanda Nunes. \u00a0Mesmo assim o sindicato decidiu pela paralisa\u00e7\u00e3o.<\/p>\n<p><strong>\u00a0Acompanhe o SE Not\u00edcias no <a href=\" https:\/\/twitter.com\/Senoticias\" target=\"_blank\">Twitter <\/a>e no <a href=\" https:\/\/www.facebook.com\/PortalSENoticias\" target=\"_blank\">Facebook<\/a><\/strong><\/p>\n<p><em><strong>Ascom \/Detran\/Sergipe<\/strong><\/em><\/p>\n","protected":false},"excerpt":{"rendered":"<p>O Departamento Estadual de Tr\u00e2nsito de Sergipe (Detran) informa , que, mesmo com a \u00a0greve prevista para iniciar nesta quinta-feira (25) os servi\u00e7os disponibilizados pelo portal de autoatendimento seguir\u00e3o funcionando normalmente. A entrega de documentos tamb\u00e9m continuar\u00e1 sendo realizada em todas as unidades do Detran\/SE. Quem quiser dar entrada na requisi\u00e7\u00e3o de servi\u00e7os de Habilita\u00e7\u00e3o [&hellip;]<\/p>\n","protected":false},"author":1,"featured_media":80980,"comment_status":"closed","ping_status":"closed","sticky":false,"template":"","format":"standard","meta":{"footnotes":""},"categories":[6],"tags":[],"class_list":{"0":"post-80979","1":"post","2":"type-post","3":"status-publish","4":"format-standard","5":"has-post-thumbnail","7":"category-politica"},"_links":{"self":[{"href":"https:\/\/senoticias.com.br\/se\/wp-json\/wp\/v2\/posts\/80979"}],"collection":[{"href":"https:\/\/senoticias.com.br\/se\/wp-json\/wp\/v2\/posts"}],"about":[{"href":"https:\/\/senoticias.com.br\/se\/wp-json\/wp\/v2\/types\/post"}],"author":[{"embeddable":true,"href":"https:\/\/senoticias.com.br\/se\/wp-json\/wp\/v2\/users\/1"}],"replies":[{"embeddable":true,"href":"https:\/\/senoticias.com.br\/se\/wp-json\/wp\/v2\/comments?post=80979"}],"version-history":[{"count":0,"href":"https:\/\/senoticias.com.br\/se\/wp-json\/wp\/v2\/posts\/80979\/revisions"}],"wp:featuredmedia":[{"embeddable":true,"href":"https:\/\/senoticias.com.br\/se\/wp-json\/wp\/v2\/media\/80980"}],"wp:attachment":[{"href":"https:\/\/senoticias.com.br\/se\/wp-json\/wp\/v2\/media?parent=80979"}],"wp:term":[{"taxonomy":"category","embeddable":true,"href":"https:\/\/senoticias.com.br\/se\/wp-json\/wp\/v2\/categories?post=80979"},{"taxonomy":"post_tag","embeddable":true,"href":"https:\/\/senoticias.com.br\/se\/wp-json\/wp\/v2\/tags?post=80979"}],"curies":[{"name":"wp","href":"https:\/\/api.w.org\/{rel}","templated":true}]}}