{"id":80089,"date":"2015-05-25T18:57:10","date_gmt":"2015-05-25T21:57:10","guid":{"rendered":"http:\/\/senoticias.com.br\/se\/?p=80089"},"modified":"2015-05-27T06:26:05","modified_gmt":"2015-05-27T09:26:05","slug":"bombeiros-estabelecem-procedimentos-que-serao-adotados-durante-os-festejos-juninos","status":"publish","type":"post","link":"https:\/\/senoticias.com.br\/se\/bombeiros-estabelecem-procedimentos-que-serao-adotados-durante-os-festejos-juninos\/","title":{"rendered":"Bombeiros estabelecem procedimentos que ser\u00e3o adotados durante os festejos juninos"},"content":{"rendered":"<p style=\"text-align: justify;\">Aconteceu no Quartel Central do Corpo de Bombeiros Militar de Sergipe (CBMSE) uma reuni\u00e3o presidida pelo Comandante Geral do CBMSE, coronel Regnaldo D\u00f3ria de Freitas, onde foram definidos procedimentos administrativos legais, assim como vistorias e autoriza\u00e7\u00f5es.<\/p>\n<div id=\"attachment_80090\" style=\"width: 517px\" class=\"wp-caption aligncenter\"><a href=\"http:\/\/senoticias.com.br\/se\/wp-content\/uploads\/2015\/05\/Bombeiros1.jpg\"><img loading=\"lazy\" decoding=\"async\" aria-describedby=\"caption-attachment-80090\" class=\"size-full wp-image-80090\" alt=\"Reuni\u00e3o foi presidida pelo Comandante Geral do CBMSE, coronel Regnaldo D\u00f3ria. (Foto: CBMS) \" src=\"http:\/\/senoticias.com.br\/se\/wp-content\/uploads\/2015\/05\/Bombeiros1.jpg\" width=\"507\" height=\"380\" srcset=\"https:\/\/senoticias.com.br\/se\/wp-content\/uploads\/2015\/05\/Bombeiros1.jpg 507w, https:\/\/senoticias.com.br\/se\/wp-content\/uploads\/2015\/05\/Bombeiros1-300x224.jpg 300w, https:\/\/senoticias.com.br\/se\/wp-content\/uploads\/2015\/05\/Bombeiros1-342x256.jpg 342w, https:\/\/senoticias.com.br\/se\/wp-content\/uploads\/2015\/05\/Bombeiros1-60x45.jpg 60w, https:\/\/senoticias.com.br\/se\/wp-content\/uploads\/2015\/05\/Bombeiros1-150x113.jpg 150w, https:\/\/senoticias.com.br\/se\/wp-content\/uploads\/2015\/05\/Bombeiros1-269x201.jpg 269w\" sizes=\"(max-width: 507px) 100vw, 507px\" \/><\/a><p id=\"caption-attachment-80090\" class=\"wp-caption-text\">Reuni\u00e3o foi presidida pelo Comandante Geral do CBMSE, coronel Regnaldo D\u00f3ria. (Foto: CBMS)<\/p><\/div>\n<p style=\"text-align: justify;\">Segundo o diretor operacional da Corpora\u00e7\u00e3o, coronel Gilvan Paix\u00e3o, \u00e9 importante definir a\u00e7\u00f5es preventivas, com o intuito de garantir a seguran\u00e7a da estrutura e redu\u00e7\u00e3o de riscos e sinistros relacionadas \u00e0s atribui\u00e7\u00f5es do CBMSE nos eventos relacionados ao m\u00eas de junho. Ainda foi debatido sobre o quantitativo de efetivo nos eventos, a fiscaliza\u00e7\u00e3o das estruturas, e o sistema de preven\u00e7\u00e3o contra inc\u00eandio e p\u00e2nico.<\/p>\n<p style=\"text-align: justify;\">Prazos e sans\u00f5es foram estabelecidos durante o encontro, assim como a import\u00e2ncia das vistorias e autoriza\u00e7\u00f5es para realiza\u00e7\u00e3o de eventos de m\u00e9dio e grande porte. O comandante Regnaldo D\u00f3ria manteve o prazo de 30 dias para regulariza\u00e7\u00e3o e interdi\u00e7\u00e3o, comunica\u00e7\u00e3o \u00e0s autoridades respons\u00e1veis, Minist\u00e9rio P\u00fablico, delegacia, respons\u00e1veis pelo evento, caso o projeto n\u00e3o tenha sido aprovado. Ele Ressaltou, tamb\u00e9m, a necessidade da elabora\u00e7\u00e3o do C\u00f3digo contra Inc\u00eandio, a elabora\u00e7\u00e3o de portarias para fiscaliza\u00e7\u00e3o e multa e a necessidade para a cria\u00e7\u00e3o da comiss\u00e3o para a elabora\u00e7\u00e3o do C\u00f3digo de Inc\u00eandio.<\/p>\n<p style=\"text-align: justify;\">Munic\u00edpios que comemoram tradicionalmente o S\u00e3o Jo\u00e3o em Sergipe, como Areia Branca, Est\u00e2ncia e cidades da regi\u00e3o metropolitana devem solicitar a fiscaliza\u00e7\u00e3o, e caso isso n\u00e3o ocorra, os bombeiros podem at\u00e9 interditar o evento. O Comandante Geral lembra, ainda, sobre a import\u00e2ncia de refor\u00e7ar a vistoria antecipada das festas juninas para que o \u00f3rg\u00e3o tenha tempo para atender a demanda dos eventos e garantir que as festas n\u00e3o sejam proibidas.<\/p>\n<p><strong>Acompanhe o SE Not\u00edcias no <a href=\"https:\/\/twitter.com\/Senoticias\" target=\"_blank\">Twitter<\/a> e no <a href=\" https:\/\/www.facebook.com\/PortalSENoticias\" target=\"_blank\">Facebook<\/a><\/strong><\/p>\n<p>Ascom\/CBMSE)<\/p>\n","protected":false},"excerpt":{"rendered":"<p>Aconteceu no Quartel Central do Corpo de Bombeiros Militar de Sergipe (CBMSE) uma reuni\u00e3o presidida pelo Comandante Geral do CBMSE, coronel Regnaldo D\u00f3ria de Freitas, onde foram definidos procedimentos administrativos legais, assim como vistorias e autoriza\u00e7\u00f5es. Segundo o diretor operacional da Corpora\u00e7\u00e3o, coronel Gilvan Paix\u00e3o, \u00e9 importante definir a\u00e7\u00f5es preventivas, com o intuito de garantir [&hellip;]<\/p>\n","protected":false},"author":1,"featured_media":80090,"comment_status":"closed","ping_status":"closed","sticky":false,"template":"","format":"standard","meta":{"footnotes":""},"categories":[7],"tags":[],"class_list":{"0":"post-80089","1":"post","2":"type-post","3":"status-publish","4":"format-standard","5":"has-post-thumbnail","7":"category-policia"},"_links":{"self":[{"href":"https:\/\/senoticias.com.br\/se\/wp-json\/wp\/v2\/posts\/80089"}],"collection":[{"href":"https:\/\/senoticias.com.br\/se\/wp-json\/wp\/v2\/posts"}],"about":[{"href":"https:\/\/senoticias.com.br\/se\/wp-json\/wp\/v2\/types\/post"}],"author":[{"embeddable":true,"href":"https:\/\/senoticias.com.br\/se\/wp-json\/wp\/v2\/users\/1"}],"replies":[{"embeddable":true,"href":"https:\/\/senoticias.com.br\/se\/wp-json\/wp\/v2\/comments?post=80089"}],"version-history":[{"count":0,"href":"https:\/\/senoticias.com.br\/se\/wp-json\/wp\/v2\/posts\/80089\/revisions"}],"wp:featuredmedia":[{"embeddable":true,"href":"https:\/\/senoticias.com.br\/se\/wp-json\/wp\/v2\/media\/80090"}],"wp:attachment":[{"href":"https:\/\/senoticias.com.br\/se\/wp-json\/wp\/v2\/media?parent=80089"}],"wp:term":[{"taxonomy":"category","embeddable":true,"href":"https:\/\/senoticias.com.br\/se\/wp-json\/wp\/v2\/categories?post=80089"},{"taxonomy":"post_tag","embeddable":true,"href":"https:\/\/senoticias.com.br\/se\/wp-json\/wp\/v2\/tags?post=80089"}],"curies":[{"name":"wp","href":"https:\/\/api.w.org\/{rel}","templated":true}]}}