{"id":79196,"date":"2015-05-02T12:30:20","date_gmt":"2015-05-02T15:30:20","guid":{"rendered":"http:\/\/senoticias.com.br\/se\/?p=79196"},"modified":"2015-05-04T10:49:20","modified_gmt":"2015-05-04T13:49:20","slug":"crianca-de-06-anos-e-encontra-morta-com-sinais-de-estupro-em-aracaju","status":"publish","type":"post","link":"https:\/\/senoticias.com.br\/se\/crianca-de-06-anos-e-encontra-morta-com-sinais-de-estupro-em-aracaju\/","title":{"rendered":"Crian\u00e7a de 06 anos \u00e9 encontra morta com sinais de estupro em Aracaju"},"content":{"rendered":"<p style=\"text-align: justify;\">A noite desta sexta-feira (01) no bairro Soledade, zona norte da capital, foi de terror. A menina Dafne Bianca Ferreira, seis anos, foi encontrada morta e com sinais de viol\u00eancia sexual em um matagal da localidade. Moradores do bairro ent\u00e3o resolveram fazer justi\u00e7a com as pr\u00f3prias m\u00e3os e acabaram linchando um homem, apontado pela comunidade como respons\u00e1vel pelo crime contra a crian\u00e7a.<\/p>\n<div>\n<div id=\"attachment_79198\" style=\"width: 356px\" class=\"wp-caption alignright\"><a href=\"http:\/\/senoticias.com.br\/se\/wp-content\/uploads\/2015\/05\/Crian\u00e7a.jpg\"><img loading=\"lazy\" decoding=\"async\" aria-describedby=\"caption-attachment-79198\" class=\"size-full wp-image-79198\" alt=\" Corpo da crian\u00e7a  foi encontrado em um matagal. (Foto: Internauta\/WhatSapp)\" src=\"http:\/\/senoticias.com.br\/se\/wp-content\/uploads\/2015\/05\/Crian\u00e7a.jpg\" width=\"346\" height=\"615\" srcset=\"https:\/\/senoticias.com.br\/se\/wp-content\/uploads\/2015\/05\/Crian\u00e7a.jpg 346w, https:\/\/senoticias.com.br\/se\/wp-content\/uploads\/2015\/05\/Crian\u00e7a-168x300.jpg 168w, https:\/\/senoticias.com.br\/se\/wp-content\/uploads\/2015\/05\/Crian\u00e7a-342x607.jpg 342w, https:\/\/senoticias.com.br\/se\/wp-content\/uploads\/2015\/05\/Crian\u00e7a-300x533.jpg 300w\" sizes=\"(max-width: 346px) 100vw, 346px\" \/><\/a><p id=\"caption-attachment-79198\" class=\"wp-caption-text\"><br \/>Corpo da crian\u00e7a foi encontrado em um matagal. (Foto: Internauta\/WhatSapp)<\/p><\/div>\n<p style=\"text-align: justify;\">Segundo o pai da menina. Reginaldo Gomes, Dafner pediu a m\u00e3e para ir a procura do pai que estava em uma festa na casa do irm\u00e3o. Durante o percurso, o autor do crime teria abordado a crian\u00e7a e a levado at\u00e9 um matagal, onde teria sido estuprada e morta. Segundo informa\u00e7\u00f5es da Pol\u00edcia Militar, o rosto da menina havia sinais de espancamento.<\/p>\n<p style=\"text-align: justify;\">\u201cNo caminho ela se deparou com ele, foi pega a for\u00e7a e levada at\u00e9 uma mata que tem l\u00e1 mesmo no bairro, onde aconteceu essa atrocidade com minha filha\u201d, contou Reginaldo, emocionado. No Instituto M\u00e9dico Legal (IML) a causa da morte ainda est\u00e1 como a esclarecer.<\/p>\n<p style=\"text-align: justify;\">De acordo com Reginaldo, o principal suspeito pelo crime era um vizinho da vitima, de aproximadamente 21 anos. O pai de Dafner disse que ele confessou o crime e revelou onde estava o corpo da crian\u00e7a. Ap\u00f3s cometer o assassinato, o rapaz teria se escondido em casa e no momento em que se preparava para uma prov\u00e1vel fuga foi detido por moradores e morto a pedradas. \u00a0At\u00e9 o in\u00edcio da manh\u00e3 deste s\u00e1bado (02), o corpo do homem estava sem identifica\u00e7\u00e3o.<\/p>\n<p style=\"text-align: justify;\"><strong>Imagens chocantes<\/strong><\/p>\n<p style=\"text-align: justify;\"><strong>\u00a0<\/strong>As imagens tanto do corpo da menina quanto da morte do suspeito circularam nas redes sociais durante toda \u00e0 noite da sexta e madrugada deste s\u00e1bado. As cenas s\u00e3o chocantes. Dezenas de pessoas atiram pedras e peda\u00e7os de telhas no acusado. Muitos fazem quest\u00e3o de registrar a cena.<\/p>\n<p>\u00a0<strong>Acompanhe o SE Not\u00edcias no<a href=\" https:\/\/twitter.com\/\"> Twitter<\/a> e no <a href=\" https:\/\/www.facebook.com\/\">Facebook<\/a><\/strong><\/p>\n<p><em>Informa\u00e7\u00f5es do Jornal da Cidade<\/em><\/p>\n<p>&nbsp;<\/p>\n<\/div>\n","protected":false},"excerpt":{"rendered":"<p>A noite desta sexta-feira (01) no bairro Soledade, zona norte da capital, foi de terror. A menina Dafne Bianca Ferreira, seis anos, foi encontrada morta e com sinais de viol\u00eancia sexual em um matagal da localidade. Moradores do bairro ent\u00e3o resolveram fazer justi\u00e7a com as pr\u00f3prias m\u00e3os e acabaram linchando um homem, apontado pela comunidade [&hellip;]<\/p>\n","protected":false},"author":3,"featured_media":79198,"comment_status":"closed","ping_status":"closed","sticky":false,"template":"","format":"standard","meta":{"footnotes":""},"categories":[310,7],"tags":[],"class_list":{"0":"post-79196","1":"post","2":"type-post","3":"status-publish","4":"format-standard","5":"has-post-thumbnail","7":"category-destaques-da-semana","8":"category-policia"},"_links":{"self":[{"href":"https:\/\/senoticias.com.br\/se\/wp-json\/wp\/v2\/posts\/79196"}],"collection":[{"href":"https:\/\/senoticias.com.br\/se\/wp-json\/wp\/v2\/posts"}],"about":[{"href":"https:\/\/senoticias.com.br\/se\/wp-json\/wp\/v2\/types\/post"}],"author":[{"embeddable":true,"href":"https:\/\/senoticias.com.br\/se\/wp-json\/wp\/v2\/users\/3"}],"replies":[{"embeddable":true,"href":"https:\/\/senoticias.com.br\/se\/wp-json\/wp\/v2\/comments?post=79196"}],"version-history":[{"count":0,"href":"https:\/\/senoticias.com.br\/se\/wp-json\/wp\/v2\/posts\/79196\/revisions"}],"wp:featuredmedia":[{"embeddable":true,"href":"https:\/\/senoticias.com.br\/se\/wp-json\/wp\/v2\/media\/79198"}],"wp:attachment":[{"href":"https:\/\/senoticias.com.br\/se\/wp-json\/wp\/v2\/media?parent=79196"}],"wp:term":[{"taxonomy":"category","embeddable":true,"href":"https:\/\/senoticias.com.br\/se\/wp-json\/wp\/v2\/categories?post=79196"},{"taxonomy":"post_tag","embeddable":true,"href":"https:\/\/senoticias.com.br\/se\/wp-json\/wp\/v2\/tags?post=79196"}],"curies":[{"name":"wp","href":"https:\/\/api.w.org\/{rel}","templated":true}]}}