{"id":77639,"date":"2015-03-23T14:02:03","date_gmt":"2015-03-23T17:02:03","guid":{"rendered":"http:\/\/senoticias.com.br\/se\/?p=77639"},"modified":"2015-03-24T12:37:49","modified_gmt":"2015-03-24T15:37:49","slug":"usuaria-de-drogas-tentou-assassinar-o-pai-durante-briga","status":"publish","type":"post","link":"https:\/\/senoticias.com.br\/se\/usuaria-de-drogas-tentou-assassinar-o-pai-durante-briga\/","title":{"rendered":"Usu\u00e1ria de drogas tento assassinar o pai durante briga"},"content":{"rendered":"<p style=\"text-align: justify;\">Por Iane Gois, <a href=\"http:\/\/itnet.com.br\/usuaria-de-drogas-tentou-assassinar-o-pai-durante-briga-e-foi-presa-pela-pm,26821.html\" target=\"_blank\"><strong>Itnet<\/strong><\/a><\/p>\n<p style=\"text-align: justify;\">Na madrugada desta segunda-feira (23) policiais do 3\u00ba BPM efetuaram a pris\u00e3o de Josiene Lima da Paix\u00e3o, 37 anos, que tentou matar com um golpe de faca no pesco\u00e7o o pr\u00f3prio pai, Jo\u00e3o Lima da Paix\u00e3o, de 77 anos de idade, durante discuss\u00e3o familiar.<\/p>\n<div id=\"attachment_77640\" style=\"width: 599px\" class=\"wp-caption aligncenter\"><a href=\"http:\/\/senoticias.com.br\/se\/wp-content\/uploads\/2015\/03\/f498637ca0319aa2722599ec20105399_g.jpg\"><img loading=\"lazy\" decoding=\"async\" aria-describedby=\"caption-attachment-77640\" class=\"size-full wp-image-77640\" alt=\"Bub\u00fa', 37 anos, tentou contra a vida do pr\u00f3prio genitor e foi presa. (FOTO: 3\u00ba BPM)\" src=\"http:\/\/senoticias.com.br\/se\/wp-content\/uploads\/2015\/03\/f498637ca0319aa2722599ec20105399_g.jpg\" width=\"589\" height=\"442\" srcset=\"https:\/\/senoticias.com.br\/se\/wp-content\/uploads\/2015\/03\/f498637ca0319aa2722599ec20105399_g.jpg 589w, https:\/\/senoticias.com.br\/se\/wp-content\/uploads\/2015\/03\/f498637ca0319aa2722599ec20105399_g-300x225.jpg 300w, https:\/\/senoticias.com.br\/se\/wp-content\/uploads\/2015\/03\/f498637ca0319aa2722599ec20105399_g-342x256.jpg 342w, https:\/\/senoticias.com.br\/se\/wp-content\/uploads\/2015\/03\/f498637ca0319aa2722599ec20105399_g-60x45.jpg 60w, https:\/\/senoticias.com.br\/se\/wp-content\/uploads\/2015\/03\/f498637ca0319aa2722599ec20105399_g-150x113.jpg 150w, https:\/\/senoticias.com.br\/se\/wp-content\/uploads\/2015\/03\/f498637ca0319aa2722599ec20105399_g-269x201.jpg 269w\" sizes=\"(max-width: 589px) 100vw, 589px\" \/><\/a><p id=\"caption-attachment-77640\" class=\"wp-caption-text\">Bub\u00fa&#8217;, 37 anos, tentou contra a vida do pr\u00f3prio genitor e foi presa. (FOTO: 3\u00ba BPM)<\/p><\/div>\n<p style=\"text-align: justify;\">Bub\u00fa, como \u00e9 conhecida a autora do crime, \u00e9 natural de Itabaiana (SE) e j\u00e1 tem passagem pela pol\u00edcia por ter tentando contra a vida de um desafeto tamb\u00e9m utilizando arma branca. Dependente qu\u00edmica, a suspeita fugiu do cen\u00e1rio do crime, mas foi localizada pela PM e presa.<\/p>\n<p style=\"text-align: justify;\">O fato aconteceu na Travessa Professora Rita Vieira Santos. O aposentado ferido foi socorrido pelo Servi\u00e7o de Atendimento M\u00f3vel de Urg\u00eancia (SAMU) e encaminhado para o Hospital Regional Dr. Pedro Garcia Moreno Filho (HRDPGMF).<\/p>\n<p style=\"text-align: justify;\"><strong>Acompanhe o SE Not\u00edcias no\u00a0<a href=\"https:\/\/twitter.com\/Senoticias\" target=\"_blank\">Twitter<\/a>\u00a0e no\u00a0<a href=\"https:\/\/www.facebook.com\/PortalSENoticias\" target=\"_blank\">Facebook<\/a><\/strong><\/p>\n<p style=\"text-align: justify;\">\n","protected":false},"excerpt":{"rendered":"<p>Por Iane Gois, Itnet Na madrugada desta segunda-feira (23) policiais do 3\u00ba BPM efetuaram a pris\u00e3o de Josiene Lima da Paix\u00e3o, 37 anos, que tentou matar com um golpe de faca no pesco\u00e7o o pr\u00f3prio pai, Jo\u00e3o Lima da Paix\u00e3o, de 77 anos de idade, durante discuss\u00e3o familiar. Bub\u00fa, como \u00e9 conhecida a autora do [&hellip;]<\/p>\n","protected":false},"author":1,"featured_media":77640,"comment_status":"closed","ping_status":"closed","sticky":false,"template":"","format":"standard","meta":{"footnotes":""},"categories":[310,7],"tags":[],"class_list":{"0":"post-77639","1":"post","2":"type-post","3":"status-publish","4":"format-standard","5":"has-post-thumbnail","7":"category-destaques-da-semana","8":"category-policia"},"_links":{"self":[{"href":"https:\/\/senoticias.com.br\/se\/wp-json\/wp\/v2\/posts\/77639"}],"collection":[{"href":"https:\/\/senoticias.com.br\/se\/wp-json\/wp\/v2\/posts"}],"about":[{"href":"https:\/\/senoticias.com.br\/se\/wp-json\/wp\/v2\/types\/post"}],"author":[{"embeddable":true,"href":"https:\/\/senoticias.com.br\/se\/wp-json\/wp\/v2\/users\/1"}],"replies":[{"embeddable":true,"href":"https:\/\/senoticias.com.br\/se\/wp-json\/wp\/v2\/comments?post=77639"}],"version-history":[{"count":0,"href":"https:\/\/senoticias.com.br\/se\/wp-json\/wp\/v2\/posts\/77639\/revisions"}],"wp:featuredmedia":[{"embeddable":true,"href":"https:\/\/senoticias.com.br\/se\/wp-json\/wp\/v2\/media\/77640"}],"wp:attachment":[{"href":"https:\/\/senoticias.com.br\/se\/wp-json\/wp\/v2\/media?parent=77639"}],"wp:term":[{"taxonomy":"category","embeddable":true,"href":"https:\/\/senoticias.com.br\/se\/wp-json\/wp\/v2\/categories?post=77639"},{"taxonomy":"post_tag","embeddable":true,"href":"https:\/\/senoticias.com.br\/se\/wp-json\/wp\/v2\/tags?post=77639"}],"curies":[{"name":"wp","href":"https:\/\/api.w.org\/{rel}","templated":true}]}}