{"id":77637,"date":"2015-03-23T14:07:58","date_gmt":"2015-03-23T17:07:58","guid":{"rendered":"http:\/\/senoticias.com.br\/se\/?p=77637"},"modified":"2015-03-23T14:07:58","modified_gmt":"2015-03-23T17:07:58","slug":"abertas-inscricoes-para-o-premio-mulher-de-negocios","status":"publish","type":"post","link":"https:\/\/senoticias.com.br\/se\/abertas-inscricoes-para-o-premio-mulher-de-negocios\/","title":{"rendered":"Abertas inscri\u00e7\u00f5es para o pr\u00eamio Mulher de Neg\u00f3cios"},"content":{"rendered":"<p style=\"text-align: justify;\">Sergipanas poder\u00e3o participar de mais uma edi\u00e7\u00e3o do Pr\u00eamio SEBRAE Mulher de Neg\u00f3cios. As inscri\u00e7\u00f5es podem ser feitas at\u00e9 o final de julho no site www.mulherdenegocios.sebrae.com.br . A a\u00e7\u00e3o reconhece e premia as melhores iniciativas do p\u00fablico feminino no empreendedorismo brasileiro. As candidatas concorrem a um trof\u00e9u, ao selo de vencedora e a uma capacita\u00e7\u00e3o em territ\u00f3rio nacional, al\u00e9m de uma viagem internacional.<\/p>\n<p style=\"text-align: justify;\">\n<div id=\"attachment_77644\" style=\"width: 560px\" class=\"wp-caption aligncenter\"><a href=\"http:\/\/senoticias.com.br\/se\/wp-content\/uploads\/2015\/03\/premio-mulher-de-negocios-2014.jpg\"><img loading=\"lazy\" decoding=\"async\" aria-describedby=\"caption-attachment-77644\" class=\"size-full wp-image-77644\" alt=\"Foto Divulga\u00e7\u00e3o\" src=\"http:\/\/senoticias.com.br\/se\/wp-content\/uploads\/2015\/03\/premio-mulher-de-negocios-2014.jpg\" width=\"550\" height=\"336\" srcset=\"https:\/\/senoticias.com.br\/se\/wp-content\/uploads\/2015\/03\/premio-mulher-de-negocios-2014.jpg 550w, https:\/\/senoticias.com.br\/se\/wp-content\/uploads\/2015\/03\/premio-mulher-de-negocios-2014-300x183.jpg 300w, https:\/\/senoticias.com.br\/se\/wp-content\/uploads\/2015\/03\/premio-mulher-de-negocios-2014-342x208.jpg 342w\" sizes=\"(max-width: 550px) 100vw, 550px\" \/><\/a><p id=\"caption-attachment-77644\" class=\"wp-caption-text\">Foto Divulga\u00e7\u00e3o<\/p><\/div>\n<p style=\"text-align: justify;\">O Pr\u00eamio SEBRAE Mulher de Neg\u00f3cios tem como objetivo identificar, selecionar e premiar os relatos de vida de mulheres empreendedoras de todo o pa\u00eds, as quais transformaram seus sonhos em realidade e cuja hist\u00f3ria de vida hoje \u00e9 exemplo para outras que possuem o mesmo sonho. \u201cH\u00e1 11 anos a iniciativa vem sendo realizada, revelando dezenas de empreendedoras de sucesso\u201d, destaca o superintendente do SEBRAE, Emanoel Sobral.<\/p>\n<p style=\"text-align: justify;\">S\u00e3o mulheres como Maria Jos\u00e9 da Silva, Maria Jos\u00e9 de Jesus Oliveira e M\u00e1rcia Fabiana Farias Souza, vencedoras estaduais do Ciclo 2014 do PSMN. Elas ganharam o trof\u00e9u ouro nas categorias Microempreendedora Individual \u2013 MEI, Produtora Rural e Pequenos Neg\u00f3cios.<\/p>\n<p style=\"text-align: justify;\">Segundo a analista do SEBRAE e gestora do Pr\u00eamio em Sergipe, Aldeci Andrade, a \u00faltima edi\u00e7\u00e3o contou com 95 empreendedoras inscritas no Estado. \u201cEsse ano vamos trabalhar ainda mais para que um n\u00famero maior de empreendedoras inscrevam-se no Pr\u00eamio. N\u00e3o custa nada e a participante ainda tem oportunidade de realizar uma auto avalia\u00e7\u00e3o da gest\u00e3o do seu neg\u00f3cio, respondendo um question\u00e1rio\u201d, explica Aldeci.<\/p>\n<p style=\"text-align: justify;\">Informa\u00e7\u00f5es na Unidade de Atendimento do SEBRAE, com Aldeci Andrade ou com a gerente D\u00e9bora Arag\u00e3o, telefones (79) 2106-7731 e 2106-7730, email aldeci.andrade@se.sebrae.com.br<\/p>\n<p style=\"text-align: justify;\"><strong>Premia\u00e7\u00e3o Nacional<\/strong><\/p>\n<p style=\"text-align: justify;\">A dona de uma livraria na capital de Alagoas, uma produtora de morangos do Distrito Federal e uma artes\u00e3 de um munic\u00edpio tur\u00edstico de Goi\u00e1s ganharam o trof\u00e9u ouro nas categorias Pequenos Neg\u00f3cios, Produtora Rural e Microempreendedora Individual (MEI) do PSMN Ciclo 2014. Como pr\u00eamio, al\u00e9m do trof\u00e9u e do selo de ganhadora nacional, Sheila Diab Maluf, Noilde Maria de Jesus e Milena Curado de Barros ser\u00e3o contempladas com uma viagem internacional para algum centro refer\u00eancia em empreendedorismo e est\u00e3o tendo oportunidade de divulgar suas hist\u00f3rias nacionalmente.<\/p>\n<p style=\"text-align: justify;\">\n<strong>Acompanhe o SE Not\u00edcias pelo <a href=\"https:\/\/twitter.com\/Senoticias\">Twitter<\/a> e no <a href=\"https:\/\/www.facebook.com\/senoticias1\" target=\"_blank\">Facebook.<\/a><\/strong><\/p>\n<p style=\"text-align: justify;\">\n<p style=\"text-align: justify;\">Informa\u00e7\u00f5es da Ag\u00eancia Sebraee de Noticias. (D)<\/p>\n","protected":false},"excerpt":{"rendered":"<p>Sergipanas poder\u00e3o participar de mais uma edi\u00e7\u00e3o do Pr\u00eamio SEBRAE Mulher de Neg\u00f3cios. As inscri\u00e7\u00f5es podem ser feitas at\u00e9 o final de julho no site www.mulherdenegocios.sebrae.com.br . A a\u00e7\u00e3o reconhece e premia as melhores iniciativas do p\u00fablico feminino no empreendedorismo brasileiro. As candidatas concorrem a um trof\u00e9u, ao selo de vencedora e a uma capacita\u00e7\u00e3o [&hellip;]<\/p>\n","protected":false},"author":3,"featured_media":77643,"comment_status":"closed","ping_status":"closed","sticky":false,"template":"","format":"standard","meta":{"footnotes":""},"categories":[38],"tags":[],"class_list":{"0":"post-77637","1":"post","2":"type-post","3":"status-publish","4":"format-standard","5":"has-post-thumbnail","7":"category-municipios"},"_links":{"self":[{"href":"https:\/\/senoticias.com.br\/se\/wp-json\/wp\/v2\/posts\/77637"}],"collection":[{"href":"https:\/\/senoticias.com.br\/se\/wp-json\/wp\/v2\/posts"}],"about":[{"href":"https:\/\/senoticias.com.br\/se\/wp-json\/wp\/v2\/types\/post"}],"author":[{"embeddable":true,"href":"https:\/\/senoticias.com.br\/se\/wp-json\/wp\/v2\/users\/3"}],"replies":[{"embeddable":true,"href":"https:\/\/senoticias.com.br\/se\/wp-json\/wp\/v2\/comments?post=77637"}],"version-history":[{"count":0,"href":"https:\/\/senoticias.com.br\/se\/wp-json\/wp\/v2\/posts\/77637\/revisions"}],"wp:featuredmedia":[{"embeddable":true,"href":"https:\/\/senoticias.com.br\/se\/wp-json\/wp\/v2\/media\/77643"}],"wp:attachment":[{"href":"https:\/\/senoticias.com.br\/se\/wp-json\/wp\/v2\/media?parent=77637"}],"wp:term":[{"taxonomy":"category","embeddable":true,"href":"https:\/\/senoticias.com.br\/se\/wp-json\/wp\/v2\/categories?post=77637"},{"taxonomy":"post_tag","embeddable":true,"href":"https:\/\/senoticias.com.br\/se\/wp-json\/wp\/v2\/tags?post=77637"}],"curies":[{"name":"wp","href":"https:\/\/api.w.org\/{rel}","templated":true}]}}