{"id":77630,"date":"2015-03-23T13:07:14","date_gmt":"2015-03-23T16:07:14","guid":{"rendered":"http:\/\/senoticias.com.br\/se\/?p=77630"},"modified":"2015-03-23T13:07:24","modified_gmt":"2015-03-23T16:07:24","slug":"preso-trio-acusado-de-roubo-em-transporte-coletivo-no-centro-de-aracaju","status":"publish","type":"post","link":"https:\/\/senoticias.com.br\/se\/preso-trio-acusado-de-roubo-em-transporte-coletivo-no-centro-de-aracaju\/","title":{"rendered":"Preso trio acusado de roubo em transporte coletivo no centro de Aracaju"},"content":{"rendered":"<p style=\"text-align: justify;\">Policiais militares 1\u00aa Companhia do 8\u00ba Batalh\u00e3o de Pol\u00edcia Comunit\u00e1ria prenderam na tarde do \u00faltimo s\u00e1bado, 21, tr\u00eas homens acusados de roubar passageiros de um transporte coletivo que faz a linha Maracaju\/DIA, no centro comercial de Aracaju.<\/p>\n<div id=\"attachment_77633\" style=\"width: 580px\" class=\"wp-caption aligncenter\"><a href=\"http:\/\/senoticias.com.br\/se\/wp-content\/uploads\/2015\/03\/b19f1383-1850-429a.jpeg\"><img loading=\"lazy\" decoding=\"async\" aria-describedby=\"caption-attachment-77633\" class=\"size-full wp-image-77633\" alt=\"Foto\/SSP\/SE\" src=\"http:\/\/senoticias.com.br\/se\/wp-content\/uploads\/2015\/03\/b19f1383-1850-429a.jpeg\" width=\"570\" height=\"380\" srcset=\"https:\/\/senoticias.com.br\/se\/wp-content\/uploads\/2015\/03\/b19f1383-1850-429a.jpeg 570w, https:\/\/senoticias.com.br\/se\/wp-content\/uploads\/2015\/03\/b19f1383-1850-429a-300x200.jpeg 300w, https:\/\/senoticias.com.br\/se\/wp-content\/uploads\/2015\/03\/b19f1383-1850-429a-342x228.jpeg 342w\" sizes=\"(max-width: 570px) 100vw, 570px\" \/><\/a><p id=\"caption-attachment-77633\" class=\"wp-caption-text\">Foto\/SSP\/SE<\/p><\/div>\n<p style=\"text-align: justify;\">Por volta das 14h40, a guarni\u00e7\u00e3o patrulhava a avenida Ivo do Prado, quando foi solicitada pelo cobrador da empresa de \u00f4nibus. De acordo com o funcion\u00e1rio, os passageiros do ve\u00edculo tiveram seus pertences levados por tr\u00eas indiv\u00edduos, que praticaram o assalto e fugiram em dire\u00e7\u00e3o \u00e0 rua Pacatuba.<\/p>\n<p style=\"text-align: justify;\">Os militares solicitaram ao cobrador que os acompanhasse e seguiram em dilig\u00eancias, localizando os suspeitos nas proximidades entre as ruas Pacatuba e Est\u00e2ncia. Ao notar a presen\u00e7a dos policiais, o trio come\u00e7ou a jogar no ch\u00e3o os bens subtra\u00eddos das v\u00edtimas, bem como os objetos utilizados para consumar o roubo.<\/p>\n<p style=\"text-align: justify;\">Na ocasi\u00e3o, a PM recuperou oito telefones celulares, alguns furtos de roubo, uma arma branca tipo soco ingl\u00eas e um punhal grande, al\u00e9m da quantia de R$ 40,50 em dinheiro. Foram presos Alo\u00edsio Daniel Rocha Silvano, \u00cdtalo Louren\u00e7o Santos de Melo e Valdson dos Santos. O trio confessou a autoria do crime, sendo que o \u00faltimo estava em posse de um rev\u00f3lver, mas nenhuma arma de fogo foi encontrada com os suspeitos.<\/p>\n<p style=\"text-align: justify;\">Os tr\u00eas foram conduzidos \u00e0 Delegacia Plantonista com o material apreendido.<\/p>\n<p style=\"text-align: justify;\"><strong>Acompanhe o SE Not\u00edcias pelo <a href=\"https:\/\/twitter.com\/Senoticias\" target=\"_blank\">Twitter<\/a> e no <a href=\"https:\/\/www.facebook.com\/senoticias1\" target=\"_blank\">Facebook.<\/a><\/strong><\/p>\n<p style=\"text-align: justify;\">Informa\u00e7\u00f5es da SSP\/SE. (D)<\/p>\n","protected":false},"excerpt":{"rendered":"<p>Policiais militares 1\u00aa Companhia do 8\u00ba Batalh\u00e3o de Pol\u00edcia Comunit\u00e1ria prenderam na tarde do \u00faltimo s\u00e1bado, 21, tr\u00eas homens acusados de roubar passageiros de um transporte coletivo que faz a linha Maracaju\/DIA, no centro comercial de Aracaju. Por volta das 14h40, a guarni\u00e7\u00e3o patrulhava a avenida Ivo do Prado, quando foi solicitada pelo cobrador da [&hellip;]<\/p>\n","protected":false},"author":3,"featured_media":77633,"comment_status":"closed","ping_status":"closed","sticky":false,"template":"","format":"standard","meta":{"footnotes":""},"categories":[7],"tags":[],"class_list":{"0":"post-77630","1":"post","2":"type-post","3":"status-publish","4":"format-standard","5":"has-post-thumbnail","7":"category-policia"},"_links":{"self":[{"href":"https:\/\/senoticias.com.br\/se\/wp-json\/wp\/v2\/posts\/77630"}],"collection":[{"href":"https:\/\/senoticias.com.br\/se\/wp-json\/wp\/v2\/posts"}],"about":[{"href":"https:\/\/senoticias.com.br\/se\/wp-json\/wp\/v2\/types\/post"}],"author":[{"embeddable":true,"href":"https:\/\/senoticias.com.br\/se\/wp-json\/wp\/v2\/users\/3"}],"replies":[{"embeddable":true,"href":"https:\/\/senoticias.com.br\/se\/wp-json\/wp\/v2\/comments?post=77630"}],"version-history":[{"count":0,"href":"https:\/\/senoticias.com.br\/se\/wp-json\/wp\/v2\/posts\/77630\/revisions"}],"wp:featuredmedia":[{"embeddable":true,"href":"https:\/\/senoticias.com.br\/se\/wp-json\/wp\/v2\/media\/77633"}],"wp:attachment":[{"href":"https:\/\/senoticias.com.br\/se\/wp-json\/wp\/v2\/media?parent=77630"}],"wp:term":[{"taxonomy":"category","embeddable":true,"href":"https:\/\/senoticias.com.br\/se\/wp-json\/wp\/v2\/categories?post=77630"},{"taxonomy":"post_tag","embeddable":true,"href":"https:\/\/senoticias.com.br\/se\/wp-json\/wp\/v2\/tags?post=77630"}],"curies":[{"name":"wp","href":"https:\/\/api.w.org\/{rel}","templated":true}]}}