{"id":77626,"date":"2015-03-23T12:46:30","date_gmt":"2015-03-23T15:46:30","guid":{"rendered":"http:\/\/senoticias.com.br\/se\/?p=77626"},"modified":"2015-03-23T12:46:30","modified_gmt":"2015-03-23T15:46:30","slug":"sergipe-obtem-exito-no-programa-nacional-de-suplementacao-da-vitamina-a","status":"publish","type":"post","link":"https:\/\/senoticias.com.br\/se\/sergipe-obtem-exito-no-programa-nacional-de-suplementacao-da-vitamina-a\/","title":{"rendered":"Sergipe obt\u00e9m \u00eaxito no Programa Nacional de Suplementa\u00e7\u00e3o da Vitamina A"},"content":{"rendered":"<p style=\"text-align: justify;\">Sergipe mais uma vez se destaca com resultados satisfat\u00f3rios em Programas e Pol\u00edticas que favore\u00e7am a Sa\u00fade de toda a popula\u00e7\u00e3o. Dessa vez, o estado obteve um bom desempenho no Programa Nacional de Suplementa\u00e7\u00e3o de Vitamina A, com a participa\u00e7\u00e3o de todos os 75 munic\u00edpios.<\/p>\n<div id=\"attachment_77627\" style=\"width: 319px\" class=\"wp-caption alignright\"><a href=\"http:\/\/senoticias.com.br\/se\/wp-content\/uploads\/2015\/03\/verduras.jpg\"><img loading=\"lazy\" decoding=\"async\" aria-describedby=\"caption-attachment-77627\" class=\" wp-image-77627\" alt=\"verduras\" src=\"http:\/\/senoticias.com.br\/se\/wp-content\/uploads\/2015\/03\/verduras.jpg\" width=\"309\" height=\"215\" srcset=\"https:\/\/senoticias.com.br\/se\/wp-content\/uploads\/2015\/03\/verduras.jpg 309w, https:\/\/senoticias.com.br\/se\/wp-content\/uploads\/2015\/03\/verduras-300x208.jpg 300w\" sizes=\"(max-width: 309px) 100vw, 309px\" \/><\/a><p id=\"caption-attachment-77627\" class=\"wp-caption-text\">Foto Divulga\u00e7\u00e3o<\/p><\/div>\n<p style=\"text-align: justify;\">O Programa foi institu\u00eddo no Brasil em maio de 2005 com o objetivo de reduzir e controlar a Hipovitaminose A (aus\u00eancia de nutrientes fundamentais para o bom funcionamento do organismo), a mortalidade e morbidade em crian\u00e7as entre 6 e 59 meses de idade.<\/p>\n<p style=\"text-align: justify;\">No ano de 2012, o Programa aderiu a A\u00e7\u00e3o Brasil Carinhoso, componente do Plano Brasil Sem Mis\u00e9ria, prevendo a garantia do acesso de suplementos nas Unidades B\u00e1sicas de Sa\u00fade para todas as crian\u00e7as na faixa et\u00e1ria em todas as regi\u00f5es do pa\u00eds. Os suplementos s\u00e3o distribu\u00eddos em forma de c\u00e1psulas.<\/p>\n<p style=\"text-align: justify;\"><strong>Implanta\u00e7\u00e3o<\/strong><\/p>\n<p style=\"text-align: justify;\">Com o Programa Nacional de Suplementa\u00e7\u00e3o de Vitamina A, 12 estados e o Distrito Federal destacam-se com coberturas de implanta\u00e7\u00e3o nos munic\u00edpios acima de 90%: Sergipe, Roraima, Cear\u00e1, Pernambuco, Rio Grande do Norte, Alagoas, Piau\u00ed, Acre, Goi\u00e1s, Tocantins, Bahia e Mato Grosso.<\/p>\n<p style=\"text-align: justify;\">No Brasil, sete estados apresentaram coberturas de implanta\u00e7\u00e3o abaixo de 70% dos munic\u00edpios com informa\u00e7\u00f5es registradas: Rond\u00f4nia (23,1%), S\u00e3o Paulo (32,2%), Amazonas (51,6%), Rio de Janeiro (62,5%), Paran\u00e1 (63,9%), Amap\u00e1 (68,8%) e Para\u00edba (69,5%).<\/p>\n<p style=\"text-align: justify;\">Em rela\u00e7\u00e3o \u00e0 cobertura de suplementa\u00e7\u00e3o de crian\u00e7as entre 6 e 59 meses de idade nos estados, alguns destes alcan\u00e7aram a suplementa\u00e7\u00e3o de crian\u00e7as acima de 80% da meta: Mato Grosso (102,6%), Goi\u00e1s (96,4%), Minas Gerais (89,7%), Tocantins (85,7%), Cear\u00e1 (83,3%) e Sergipe (81,7%).<\/p>\n<p style=\"text-align: justify;\">Nessa faixa et\u00e1ria, 13 Estados apresentaram redu\u00e7\u00e3o significativa na quantidade de crian\u00e7as suplementada entre os anos de 2013 e 2014: Bahia (-124.971), Maranh\u00e3o (-112.933), Cear\u00e1 (-57.814), Pernambuco (-47.148), Piau\u00ed (-41.505), Para\u00edba (-25.607), Minas Gerais (-15.359), Alagoas (-14.391), Esp\u00edrito Santo (-13.090), Acre (-10.301), Roraima (-7.546), Rio Grande do Sul (-1.977) e Sergipe (-1.084).<\/p>\n<p style=\"text-align: justify;\">2014<\/p>\n<p style=\"text-align: justify;\">No ano de 2014, segundo dados do Sistema de Gest\u00e3o do Programa Nacional de Suplementa\u00e7\u00e3o da Vitamina A, Sergipe suplementou com vitamina A 33.264 crian\u00e7as entre 6 e 11 meses. J\u00e1 para a faixa et\u00e1ria de 12 a 59 meses, a distribui\u00e7\u00e3o ocorreu em duas doses. Na primeira, foram beneficiadas 74.308 crian\u00e7as e, na segunda, 54.858 crian\u00e7as, totalizando 129.166 suplementa\u00e7\u00f5es.<\/p>\n<p style=\"text-align: justify;\">\u201cO bom desempenho de Sergipe em 2014 se deve, tamb\u00e9m, \u00e0 import\u00e2ncia da administra\u00e7\u00e3o da megadose do suplemento de vitamina A em conjunto com as Campanhas de Multivacina\u00e7\u00e3o. A parceria com os munic\u00edpios \u00e9 fundamental para levar a informa\u00e7\u00e3o, tamb\u00e9m, at\u00e9 \u00e0s escolas e \u00e0s fam\u00edlias\u201d, comenta Ronaldo Cruz, refer\u00eancia t\u00e9cnica em Nutri\u00e7\u00e3o da Secretaria de Estado da Sa\u00fade (SES).<\/p>\n<p style=\"text-align: justify;\">Ele ainda complementou que \u201co sucesso do Programa em Sergipe tamb\u00e9m se deve a atua\u00e7\u00e3o da Aten\u00e7\u00e3o B\u00e1sica nos munic\u00edpios, cujos profissionais foram respons\u00e1veis em fazer a busca ativa e desenvolver as atividades nas unidades de sa\u00fade. O programa Bolsa Fam\u00edlia tamb\u00e9m teve seu papel para que as fam\u00edlias ficassem atentas para que os filhos recebessem a complementa\u00e7\u00e3o. Vale ressaltar o desempenho em rela\u00e7\u00e3o \u00e0s maternidades. A suplementa\u00e7\u00e3o das parturientes no p\u00f3s-parto imediato foi de extrema import\u00e2ncia para que elas pudessem passar os nutrientes aos filhos, ainda no leite materno\u201d.<\/p>\n<p style=\"text-align: justify;\"><strong>Hipovitaminose<\/strong><\/p>\n<p style=\"text-align: justify;\">De acordo com Ronaldo Cruz, os danos causados pela Hipovitaminose dependem da quantidade de vitamina A ausente no organismo, e podem ser irrevers\u00edveis, atingindo a c\u00f3rnea e at\u00e9 os ossos.<\/p>\n<p style=\"text-align: justify;\">\u201cA vitamina A pode ser encontrada na gema do ovo, no f\u00edgado, leite integral e derivados, vegetais verdes, frutas e legumes como manga, mam\u00e3o, goiaba vermelha, cenoura, espinafre, ab\u00f3bora, chic\u00f3ria etc\u201d, complementou o nutricionista.<\/p>\n<p style=\"text-align: justify;\">Ronaldo Cruz destaca ainda que \u201ca vitamina A \u00e9 importante para o crescimento da crian\u00e7a, sendo fundamental para a vis\u00e3o e o funcionamento do sistema imunol\u00f3gico, mantendo nariz, garganta, boca, olhos, est\u00f4mago saud\u00e1veis e servindo como antioxidante. A Hipovitaminose A \u00e9 uma doen\u00e7a nutricional grave, tamb\u00e9m conhecida como cegueira noturna, Xerose ou Ulcera\u00e7\u00e3o Progressiva\u201d.<\/p>\n<p style=\"text-align: justify;\">\n<strong>Acompanhe o SE Not\u00edcias pelo <a href=\"https:\/\/twitter.com\/Senoticias\" target=\"_blank\">Twitter<\/a> e no <a href=\"https:\/\/www.facebook.com\/senoticias1\" target=\"_blank\">Facebook.<\/a><\/strong><\/p>\n<p style=\"text-align: justify;\">\n<p style=\"text-align: justify;\">Informa\u00e7\u00f5es da ASN. \u00a0 \u00a0(D)<\/p>\n","protected":false},"excerpt":{"rendered":"<p>Sergipe mais uma vez se destaca com resultados satisfat\u00f3rios em Programas e Pol\u00edticas que favore\u00e7am a Sa\u00fade de toda a popula\u00e7\u00e3o. Dessa vez, o estado obteve um bom desempenho no Programa Nacional de Suplementa\u00e7\u00e3o de Vitamina A, com a participa\u00e7\u00e3o de todos os 75 munic\u00edpios. O Programa foi institu\u00eddo no Brasil em maio de 2005 [&hellip;]<\/p>\n","protected":false},"author":3,"featured_media":77628,"comment_status":"closed","ping_status":"closed","sticky":false,"template":"","format":"standard","meta":{"footnotes":""},"categories":[38],"tags":[],"class_list":{"0":"post-77626","1":"post","2":"type-post","3":"status-publish","4":"format-standard","5":"has-post-thumbnail","7":"category-municipios"},"_links":{"self":[{"href":"https:\/\/senoticias.com.br\/se\/wp-json\/wp\/v2\/posts\/77626"}],"collection":[{"href":"https:\/\/senoticias.com.br\/se\/wp-json\/wp\/v2\/posts"}],"about":[{"href":"https:\/\/senoticias.com.br\/se\/wp-json\/wp\/v2\/types\/post"}],"author":[{"embeddable":true,"href":"https:\/\/senoticias.com.br\/se\/wp-json\/wp\/v2\/users\/3"}],"replies":[{"embeddable":true,"href":"https:\/\/senoticias.com.br\/se\/wp-json\/wp\/v2\/comments?post=77626"}],"version-history":[{"count":0,"href":"https:\/\/senoticias.com.br\/se\/wp-json\/wp\/v2\/posts\/77626\/revisions"}],"wp:featuredmedia":[{"embeddable":true,"href":"https:\/\/senoticias.com.br\/se\/wp-json\/wp\/v2\/media\/77628"}],"wp:attachment":[{"href":"https:\/\/senoticias.com.br\/se\/wp-json\/wp\/v2\/media?parent=77626"}],"wp:term":[{"taxonomy":"category","embeddable":true,"href":"https:\/\/senoticias.com.br\/se\/wp-json\/wp\/v2\/categories?post=77626"},{"taxonomy":"post_tag","embeddable":true,"href":"https:\/\/senoticias.com.br\/se\/wp-json\/wp\/v2\/tags?post=77626"}],"curies":[{"name":"wp","href":"https:\/\/api.w.org\/{rel}","templated":true}]}}