{"id":77622,"date":"2015-03-23T12:36:56","date_gmt":"2015-03-23T15:36:56","guid":{"rendered":"http:\/\/senoticias.com.br\/se\/?p=77622"},"modified":"2015-03-23T12:36:56","modified_gmt":"2015-03-23T15:36:56","slug":"sistema-prisional-de-sergipe-tera-610-novas-vagas","status":"publish","type":"post","link":"https:\/\/senoticias.com.br\/se\/sistema-prisional-de-sergipe-tera-610-novas-vagas\/","title":{"rendered":"Sistema prisional de Sergipe ter\u00e1 610 novas vagas"},"content":{"rendered":"<p style=\"text-align: justify;\">As obras de reforma e constru\u00e7\u00e3o de novos espa\u00e7os carcer\u00e1rios j\u00e1 est\u00e3o em fase avan\u00e7ada. Or\u00e7ado em R$ 2,09 milh\u00f5es, o pres\u00eddio de Gl\u00f3ria, por exemplo, j\u00e1 tem 92,23% de suas obras conclu\u00eddas e a previs\u00e3o de entrega da estrutura \u00e9 no fim de mar\u00e7o. 24 novas vagas para este regime fechado ser\u00e3o ofertadas, promovendo al\u00edvio ao espa\u00e7o prisional do munic\u00edpio, que j\u00e1 conta com 177 internos.<\/p>\n<div id=\"attachment_77623\" style=\"width: 608px\" class=\"wp-caption aligncenter\"><a href=\"http:\/\/senoticias.com.br\/se\/wp-content\/uploads\/2015\/03\/constru\u00e7\u00e3o-de-Presidio-e1427124726536.jpeg\"><img loading=\"lazy\" decoding=\"async\" aria-describedby=\"caption-attachment-77623\" class=\"size-full wp-image-77623\" alt=\"Fotos: Arquivo\/ASN\" src=\"http:\/\/senoticias.com.br\/se\/wp-content\/uploads\/2015\/03\/constru\u00e7\u00e3o-de-Presidio-e1427124726536.jpeg\" width=\"598\" height=\"397\" \/><\/a><p id=\"caption-attachment-77623\" class=\"wp-caption-text\">Fotos: Arquivo\/ASN<\/p><\/div>\n<p style=\"text-align: justify;\">Areia Branca \u00e9 outro pres\u00eddio que recebe obras do Governo do Estado. Executada em parceria como governo federal, nova constru\u00e7\u00e3o est\u00e1 or\u00e7ada em R$ 8,4 milh\u00f5es e acontece no anexo da cadeia de regime semi-aberto. O espa\u00e7o promete receber 390 presos provis\u00f3rios e \u00e9 dividido em tr\u00eas m\u00f3dulos (A, B e C) interligados por corredores gradeados e, possui 5.546 m\u00b2 de \u00e1rea constru\u00edda, num total de 15.757 m\u00b2. A previs\u00e3o do fim das obras \u00e9 junho e 73% da constru\u00e7\u00e3o j\u00e1 est\u00e1 finalizada. Com rela\u00e7\u00e3o \u00e0 unidade de Areia Branca, que est\u00e1 interditada h\u00e1 dois anos, existe um projeto moderno em fase de capta\u00e7\u00e3o de recursos federais para que haja reforma e amplia\u00e7\u00e3o.<\/p>\n<p>Em Est\u00e2ncia, diferentemente dos outros espa\u00e7os carcer\u00e1rios, a obra partiu do zero. O munic\u00edpio vai receber um novo pres\u00eddio sergipano, no valor de R$ 5,269 milh\u00f5es, que vai ofertar 196 vagas de regime provis\u00f3rio. Quase 73% da constru\u00e7\u00e3o est\u00e1 conclu\u00edda, restando apenas a capta\u00e7\u00e3o de novos aditivos financeiros.<\/p>\n<p>O secret\u00e1rio de Estado da Infraestrutura e do Desenvolvimento Urbano, Valmor Barbosa, diz que as obras contribuir\u00e3o para fortalecer o sistema. \u201cA edifica\u00e7\u00e3o de unidades prisionais, apesar de manter os padr\u00f5es de seguran\u00e7a exigidos, garante a integridade e os direitos dos seus internos. O que reitera a abnega\u00e7\u00e3o do governador em cada vez mais proporcionar a cidadania absoluta aos sergipanos, buscando recursos para concretiz\u00e1-las, seja nos Minist\u00e9rios ou por meio de parcerias\u201d, disse.<\/p>\n<p><strong>Tornozeleiras eletr\u00f4nicas<\/strong><\/p>\n<p>No primeiro semestre deste ano, 500 tornozeleiras eletr\u00f4nicas estar\u00e3o \u00e0 disposi\u00e7\u00e3o da Secretaria de Estado da Justi\u00e7a (Sejuc), e v\u00e3o possibilitar n\u00e3o s\u00f3 o desencarceramento, como a diminui\u00e7\u00e3o do n\u00famero de reincidentes do sistema prisional. Segundo o secret\u00e1rio Ant\u00f4nio Hora, o equipamento vai ser destinado a pessoas que cometeram crimes de menor gravidade, ou que t\u00eam boa conduta e aguardam senten\u00e7a em liberdade, e ainda existe a possibilidade de as tornozeleiras serem utilizadas em pessoas em confronto com a lei Maria da Penha.<\/p>\n<p>\u201cH\u00e1 uma tend\u00eancia natural na sociedade na qual todo mundo que venha a cometer um delito seja encarcerado, e muitas vezes essa medida priva a liberdade e a possibilidade de ressocializa\u00e7\u00e3o.<\/p>\n<p>O processo licitat\u00f3rio para aquisi\u00e7\u00e3o das tornozeleiras est\u00e1 em fase de conclus\u00e3o, segundo informa Ant\u00f4nio Hora. Ele acredita que entre 30 e 60 dias o equipamento j\u00e1 deva estar em Sergipe. A previs\u00e3o \u00e9 que, ap\u00f3s a implementa\u00e7\u00e3o das primeiras 500 tornozeleiras e ainda durante o segundo semestre, sejam comprados mais equipamentos atrav\u00e9s de um financiamento federal. \u201cAssim n\u00f3s acabar\u00edamos de vez com a superpopula\u00e7\u00e3o no nosso estado\u201d, ressalta o secret\u00e1rio.<\/p>\n<p><strong>Projeto de Capacita\u00e7\u00e3o<\/strong><\/p>\n<p>A preocupa\u00e7\u00e3o do Governo do Estado com o presente e com o futuro dos internos do sistema carcer\u00e1rio sergipano motivou um conv\u00eanio firmado com o Departamento de Penitenci\u00e1ria Nacional (Depen). O objetivo \u00e9 promover atividades laborais para os presos atrav\u00e9s do Projeto de Capacita\u00e7\u00e3o Profissional e Implementa\u00e7\u00e3o de Oficinas Permanentes (PROCAP). A iniciativa tem previs\u00e3o de ser implantado em duas unidades em Sergipe, no Pres\u00eddio Feminino (Prefem) e no Complexo Penitenci\u00e1rio Manoel Carvalho Neto (Copemcan), em S\u00e3o Crist\u00f3v\u00e3o.<\/p>\n<p>De acordo com informa\u00e7\u00f5es da Secretaria de Justi\u00e7a, no Prefem a id\u00e9ia \u00e9 proporcionar a confec\u00e7\u00e3o de len\u00e7\u00f3is, fronhas e uniformes para abastecer o pr\u00f3prio sistema prisional. J\u00e1 no Copemcan, o intuito \u00e9 instalar uma oficina permanente de produ\u00e7\u00e3o de p\u00e3es. Os alimentos inicialmente iriam suprir a necessidade da unidade prisional e, posteriormente, seriam destinados a outros complexos penitenci\u00e1rios.<\/p>\n<p>Para que a execu\u00e7\u00e3o do PROCAP seja iniciada, restam apenas os recursos do Governo Federal. O secret\u00e1rio Ant\u00f4nio Hora informa que o processo burocr\u00e1tico j\u00e1 foi conclu\u00eddo, o or\u00e7amento aprovado e que, provavelmente entre 30 e 40 dias, os recursos devem chegar. \u201cEssas atividades laborais contribuem muito no processo tanto de remiss\u00e3o [redu\u00e7\u00e3o] de pena, quanto no aprendizado de um of\u00edcio durante o per\u00edodo de internamento. Se, ao sair do sistema, o interno consegue automaticamente um emprego, ele estabelece um v\u00ednculo social e \u00e9 resgatado pela sociedade. Se ele tem dificuldade de arrumar emprego, estamos fragilizando e aumentando a possibilidade de ele voltar a cometer um delito\u201d, esclarece Hora.<\/p>\n<p>Valoriza\u00e7\u00e3o profissional<\/p>\n<p>A progress\u00e3o do sistema penitenci\u00e1rio sergipano n\u00e3o est\u00e1 relacionada apenas a melhoria da estrutura das cadeias e a promo\u00e7\u00e3o de pol\u00edtica de implementa\u00e7\u00e3o de oficinas para os internos. A gest\u00e3o estadual se preocupa tamb\u00e9m com a condi\u00e7\u00e3o de trabalho dos agentes penitenci\u00e1rios. O intuito \u00e9 valorizar a classe trabalhadora, promovendo workshop motivacional, cursos, sistema de moraliza\u00e7\u00e3o e otimiza\u00e7\u00e3o, adquirindo equipamentos de trabalho, e discutindo n\u00e3o s\u00f3 moderniza\u00e7\u00e3o do plano de cargos e carreira, como tamb\u00e9m uma forma de agilizar a promo\u00e7\u00e3o dos servidores.<\/p>\n<p>\u201cTrouxemos palestrantes do Depen para que pud\u00e9ssemos estabelecer um ambiente de motiva\u00e7\u00e3o entre os nossos agentes penitenci\u00e1rios, visando uma pol\u00edtica de melhoria de auto-estima deles. Estamos investindo na qualifica\u00e7\u00e3o do pessoal para implantar uma pol\u00edtica de moraliza\u00e7\u00e3o e otimiza\u00e7\u00e3o do sistema. Al\u00e9m disso, vamos realizar uma sele\u00e7\u00e3o para indicar 20 agentes que ir\u00e3o passar por um processo de treinamento e capacita\u00e7\u00e3o em Bras\u00edlia\u201d, comenta o secret\u00e1rio de Justi\u00e7a, acrescentando que os profissionais do segmento merecem receber destaque.<\/p>\n<p style=\"text-align: justify;\">\n<p style=\"text-align: justify;\">\n<strong>Acompanhe o SE Not\u00edcias pelo <a href=\"https:\/\/twitter.com\/Senoticias\" target=\"_blank\">Twitter<\/a> e no <a href=\"https:\/\/www.facebook.com\/senoticias1\" target=\"_blank\">Facebook<\/a>.<\/strong><\/p>\n<p style=\"text-align: justify;\"><strong>\u00a0<\/strong><\/p>\n<p style=\"text-align: justify;\">Informa\u00e7\u00f5es da ASN. \u00a0(D)<\/p>\n","protected":false},"excerpt":{"rendered":"<p>As obras de reforma e constru\u00e7\u00e3o de novos espa\u00e7os carcer\u00e1rios j\u00e1 est\u00e3o em fase avan\u00e7ada. Or\u00e7ado em R$ 2,09 milh\u00f5es, o pres\u00eddio de Gl\u00f3ria, por exemplo, j\u00e1 tem 92,23% de suas obras conclu\u00eddas e a previs\u00e3o de entrega da estrutura \u00e9 no fim de mar\u00e7o. 24 novas vagas para este regime fechado ser\u00e3o ofertadas, promovendo [&hellip;]<\/p>\n","protected":false},"author":3,"featured_media":77624,"comment_status":"closed","ping_status":"closed","sticky":false,"template":"","format":"standard","meta":{"footnotes":""},"categories":[38],"tags":[],"class_list":{"0":"post-77622","1":"post","2":"type-post","3":"status-publish","4":"format-standard","5":"has-post-thumbnail","7":"category-municipios"},"_links":{"self":[{"href":"https:\/\/senoticias.com.br\/se\/wp-json\/wp\/v2\/posts\/77622"}],"collection":[{"href":"https:\/\/senoticias.com.br\/se\/wp-json\/wp\/v2\/posts"}],"about":[{"href":"https:\/\/senoticias.com.br\/se\/wp-json\/wp\/v2\/types\/post"}],"author":[{"embeddable":true,"href":"https:\/\/senoticias.com.br\/se\/wp-json\/wp\/v2\/users\/3"}],"replies":[{"embeddable":true,"href":"https:\/\/senoticias.com.br\/se\/wp-json\/wp\/v2\/comments?post=77622"}],"version-history":[{"count":0,"href":"https:\/\/senoticias.com.br\/se\/wp-json\/wp\/v2\/posts\/77622\/revisions"}],"wp:featuredmedia":[{"embeddable":true,"href":"https:\/\/senoticias.com.br\/se\/wp-json\/wp\/v2\/media\/77624"}],"wp:attachment":[{"href":"https:\/\/senoticias.com.br\/se\/wp-json\/wp\/v2\/media?parent=77622"}],"wp:term":[{"taxonomy":"category","embeddable":true,"href":"https:\/\/senoticias.com.br\/se\/wp-json\/wp\/v2\/categories?post=77622"},{"taxonomy":"post_tag","embeddable":true,"href":"https:\/\/senoticias.com.br\/se\/wp-json\/wp\/v2\/tags?post=77622"}],"curies":[{"name":"wp","href":"https:\/\/api.w.org\/{rel}","templated":true}]}}