{"id":77617,"date":"2015-03-23T11:47:21","date_gmt":"2015-03-23T14:47:21","guid":{"rendered":"http:\/\/senoticias.com.br\/se\/?p=77617"},"modified":"2015-03-23T13:02:39","modified_gmt":"2015-03-23T16:02:39","slug":"tribunal-de-contas-de-sergipe-abre-concurso-com-salarios-de-ate-r-31-mil","status":"publish","type":"post","link":"https:\/\/senoticias.com.br\/se\/tribunal-de-contas-de-sergipe-abre-concurso-com-salarios-de-ate-r-31-mil\/","title":{"rendered":"Tribunal de Contas de Sergipe abre concurso com sal\u00e1rios de at\u00e9 R$ 3,1 mil"},"content":{"rendered":"<div id=\"attachment_69364\" style=\"width: 310px\" class=\"wp-caption alignright\"><a href=\"http:\/\/senoticias.com.br\/se\/wp-content\/uploads\/2014\/09\/grande-TCE-fachada-ft-ascom01092014.jpg\"><img loading=\"lazy\" decoding=\"async\" aria-describedby=\"caption-attachment-69364\" class=\"size-medium wp-image-69364\" alt=\"Sede do Tribunal de Contas do Estado de Sergipe. (Foto: Ascom)\" src=\"http:\/\/senoticias.com.br\/se\/wp-content\/uploads\/2014\/09\/grande-TCE-fachada-ft-ascom01092014-300x199.jpg\" width=\"300\" height=\"199\" srcset=\"https:\/\/senoticias.com.br\/se\/wp-content\/uploads\/2014\/09\/grande-TCE-fachada-ft-ascom01092014-300x199.jpg 300w, https:\/\/senoticias.com.br\/se\/wp-content\/uploads\/2014\/09\/grande-TCE-fachada-ft-ascom01092014-342x227.jpg 342w, https:\/\/senoticias.com.br\/se\/wp-content\/uploads\/2014\/09\/grande-TCE-fachada-ft-ascom01092014.jpg 1000w\" sizes=\"(max-width: 300px) 100vw, 300px\" \/><\/a><p id=\"caption-attachment-69364\" class=\"wp-caption-text\">Sede do Tribunal de Contas do Estado de Sergipe. (Foto: Ascom)<\/p><\/div>\n<p style=\"text-align: justify;\">O Tribunal de Contas do Estado (TCE &#8211; SE) torna p\u00fablico a abertura de concurso p\u00fablico para 25 vagas. Os cargos s\u00e3o para n\u00edvel superior e os sal\u00e1rios variam de R$ 2.584,23 a R$ 3.101,08.<\/p>\n<p style=\"text-align: justify;\">As inscri\u00e7\u00f5es poder\u00e3o ser realizadas de 23 de mar\u00e7o at\u00e9 o dia 15 de abril pelo site www.fgv.br. A oferta salarial varia de R$ 2.584,23 a R$ 3.101,08, no entanto, esses valores podem ser acrescidos por benef\u00edcios de Desempenho, Insalubridade e Aux\u00edlio Alimenta\u00e7\u00e3o.<\/p>\n<p style=\"text-align: justify;\">A Prova Escrita Objetiva de m\u00faltipla escolha ser\u00e1 realizada na cidade de Aracaju, no dia 24 de maio de 2015, das 08h \u00e0s 12h, segundo o hor\u00e1rio oficial da cidade. Os locais para realiza\u00e7\u00e3o da Prova Escrita Objetiva ser\u00e3o divulgados no endere\u00e7o eletr\u00f4nico www.fgv.br.<\/p>\n<p style=\"text-align: justify;\">H\u00e1 vagas para candidatos com n\u00edvel Superior, nas fun\u00e7\u00f5es de M\u00e9dico (4); Cirurgi\u00e3o-dentista (5 + 1 PNE); Enfermeiro (3); e Analista de Tecnologia de Informa\u00e7\u00e3o nas \u00e1reas de Suporte T\u00e9cnico em Infraestrutura e Redes (2); Seguran\u00e7a da Informa\u00e7\u00e3o (1); e Desenvolvimento (9 + 3 PNE).<\/p>\n<p style=\"text-align: justify;\">Os concorrentes ser\u00e3o avaliados por meio de Prova Objetiva, composta por 70 quest\u00f5es e prevista para ser aplicada em 24 de maio de 2015 em Aracaju &#8211; SE, e Avalia\u00e7\u00e3o de T\u00edtulos, que ter\u00e1 car\u00e1ter classificat\u00f3rio.<\/p>\n<p style=\"text-align: justify;\">Com prazo de validade de dois anos, fica a crit\u00e9rio do TCE &#8211; SE prorrogar este per\u00edodo. Para mais informa\u00e7\u00f5es, acesse o edital completo dispon\u00edvel para consulta no <a href=\"http:\/\/netstorage.fgv.br\/tcese\/EDITAL_TCE-SE.pdf\" target=\"_blank\"><strong>site da organizadora<\/strong><\/a>.<\/p>\n<p style=\"text-align: justify;\"><em>Fonte: Itnet<\/em><\/p>\n<p style=\"text-align: justify;\"><strong>Siga o SE Not\u00edcias pelo <a href=\"https:\/\/twitter.com\/Senoticias\" target=\"_blank\">Twitter <\/a>e curta no <a href=\"https:\/\/www.facebook.com\/PortalSENoticias\" target=\"_blank\">Facebook<\/a><\/strong><\/p>\n","protected":false},"excerpt":{"rendered":"<p>O Tribunal de Contas do Estado (TCE &#8211; SE) torna p\u00fablico a abertura de concurso p\u00fablico para 25 vagas. Os cargos s\u00e3o para n\u00edvel superior e os sal\u00e1rios variam de R$ 2.584,23 a R$ 3.101,08. As inscri\u00e7\u00f5es poder\u00e3o ser realizadas de 23 de mar\u00e7o at\u00e9 o dia 15 de abril pelo site www.fgv.br. A oferta [&hellip;]<\/p>\n","protected":false},"author":1,"featured_media":69364,"comment_status":"closed","ping_status":"closed","sticky":false,"template":"","format":"standard","meta":{"footnotes":""},"categories":[9,6],"tags":[],"class_list":{"0":"post-77617","1":"post","2":"type-post","3":"status-publish","4":"format-standard","5":"has-post-thumbnail","7":"category-concursos","8":"category-politica"},"_links":{"self":[{"href":"https:\/\/senoticias.com.br\/se\/wp-json\/wp\/v2\/posts\/77617"}],"collection":[{"href":"https:\/\/senoticias.com.br\/se\/wp-json\/wp\/v2\/posts"}],"about":[{"href":"https:\/\/senoticias.com.br\/se\/wp-json\/wp\/v2\/types\/post"}],"author":[{"embeddable":true,"href":"https:\/\/senoticias.com.br\/se\/wp-json\/wp\/v2\/users\/1"}],"replies":[{"embeddable":true,"href":"https:\/\/senoticias.com.br\/se\/wp-json\/wp\/v2\/comments?post=77617"}],"version-history":[{"count":0,"href":"https:\/\/senoticias.com.br\/se\/wp-json\/wp\/v2\/posts\/77617\/revisions"}],"wp:featuredmedia":[{"embeddable":true,"href":"https:\/\/senoticias.com.br\/se\/wp-json\/wp\/v2\/media\/69364"}],"wp:attachment":[{"href":"https:\/\/senoticias.com.br\/se\/wp-json\/wp\/v2\/media?parent=77617"}],"wp:term":[{"taxonomy":"category","embeddable":true,"href":"https:\/\/senoticias.com.br\/se\/wp-json\/wp\/v2\/categories?post=77617"},{"taxonomy":"post_tag","embeddable":true,"href":"https:\/\/senoticias.com.br\/se\/wp-json\/wp\/v2\/tags?post=77617"}],"curies":[{"name":"wp","href":"https:\/\/api.w.org\/{rel}","templated":true}]}}