{"id":77614,"date":"2015-03-23T11:38:41","date_gmt":"2015-03-23T14:38:41","guid":{"rendered":"http:\/\/senoticias.com.br\/se\/?p=77614"},"modified":"2015-03-23T13:02:14","modified_gmt":"2015-03-23T16:02:14","slug":"fies-ministerios-da-educacao-e-da-justica-vao-discutir-reajuste-de-mensalidades","status":"publish","type":"post","link":"https:\/\/senoticias.com.br\/se\/fies-ministerios-da-educacao-e-da-justica-vao-discutir-reajuste-de-mensalidades\/","title":{"rendered":"Fies: minist\u00e9rios da Educa\u00e7\u00e3o e da Justi\u00e7a v\u00e3o discutir reajuste de mensalidades"},"content":{"rendered":"<div id=\"attachment_77615\" style=\"width: 310px\" class=\"wp-caption alignright\"><a href=\"http:\/\/senoticias.com.br\/se\/wp-content\/uploads\/2015\/03\/unb2.jpg\"><img loading=\"lazy\" decoding=\"async\" aria-describedby=\"caption-attachment-77615\" class=\"size-medium wp-image-77615\" alt=\"Foto: Divulga\u00e7\u00e3o \" src=\"http:\/\/senoticias.com.br\/se\/wp-content\/uploads\/2015\/03\/unb2-300x200.jpg\" width=\"300\" height=\"200\" srcset=\"https:\/\/senoticias.com.br\/se\/wp-content\/uploads\/2015\/03\/unb2-300x200.jpg 300w, https:\/\/senoticias.com.br\/se\/wp-content\/uploads\/2015\/03\/unb2-342x228.jpg 342w, https:\/\/senoticias.com.br\/se\/wp-content\/uploads\/2015\/03\/unb2.jpg 580w\" sizes=\"(max-width: 300px) 100vw, 300px\" \/><\/a><p id=\"caption-attachment-77615\" class=\"wp-caption-text\">Foto: Divulga\u00e7\u00e3o<\/p><\/div>\n<p style=\"text-align: justify;\">O Minist\u00e9rio da Educa\u00e7\u00e3o (MEC) e Minist\u00e9rio da Justi\u00e7a formar\u00e3o um grupo para analisar as mensalidades cobradas pelos cursos superiores financiados pelo Fundo de Financiamento Estudantil (Fies). O objetivo \u00e9 evitar cobran\u00e7as abusivas que comprometam tanto a oferta do financiamento como o pagamento futuro pelos estudantes. O grupo vai tamb\u00e9m propor melhorias ao programa.<\/p>\n<p style=\"text-align: justify;\">A portaria, que ser\u00e1 publicada hoje (23) no Di\u00e1rio Oficial da Uni\u00e3o, \u00e9 assinada conjuntamente pelo MEC e pela Secretaria Nacional do Consumidor do Minist\u00e9rio da Justi\u00e7a. O grupo vai analisar a composi\u00e7\u00e3o e a evolu\u00e7\u00e3o dos pre\u00e7os das mensalidades dos cursos superiores e ter\u00e1 60 dias para concluir o trabalho.<\/p>\n<p style=\"text-align: justify;\">&#8220;\u00c9 mais uma a\u00e7\u00e3o estruturante para garantir a tranquilidade dos estudantes e institui\u00e7\u00f5es. \u00c9 preciso ter em mente que se trata de um financiamento, que ter\u00e1 que ser pago pelo estudante no futuro&#8221;, diz o ministro interino da Educa\u00e7\u00e3o, Luiz Cl\u00e1udio Costa.<\/p>\n<p style=\"text-align: justify;\">Uma vez que n\u00e3o h\u00e1 n\u00famero limite de novas vagas, mas, sim, limite financeiro para as contrata\u00e7\u00f5es, reajustes menores poder\u00e3o proporcionar um maior n\u00famero de financiamentos.<\/p>\n<p style=\"text-align: justify;\">Ap\u00f3s estipular mudan\u00e7as na concess\u00e3o do Fies, o MEC restringiu o financiamento a reajustes das mensalidades em at\u00e9 6,4%, que equivale \u00e0 infla\u00e7\u00e3o medida pelo \u00cdndice Nacional de Pre\u00e7os ao Consumidor Amplo (IPCA) em 2014.<\/p>\n<p style=\"text-align: justify;\">A altera\u00e7\u00e3o, que foi feita j\u00e1 em 2015, gerou embate com as institui\u00e7\u00f5es de ensino que reajustam as mensalidades anualmente, no final do ano. Os valores para 2015 j\u00e1 estavam definidos no final de 2014 e, segundo a Associa\u00e7\u00e3o Brasileira de Mantenedoras do Ensino Superior (AMBES), tiveram, em m\u00e9dia, reajuste de 10%.<\/p>\n<p style=\"text-align: justify;\">O MEC diz que segue em di\u00e1logo com as institui\u00e7\u00f5es, em reuni\u00f5es individuais, analisando caso a caso.<\/p>\n<p style=\"text-align: justify;\">O Fies oferece cobertura da mensalidade de cursos em institui\u00e7\u00f5es privadas de ensino superior a juros de 3,4% ao ano. O estudante come\u00e7a a quitar o financiamento 18 meses ap\u00f3s a conclus\u00e3o do curso. O programa acumula 1,9 milh\u00e3o de contratos e abrange mais de 1,6 mil institui\u00e7\u00f5es. At\u00e9 o momento, o sistema registrou pelo menos 196 mil contratos novos.<\/p>\n<p style=\"text-align: justify;\"><em>Fonte: Ag\u00eancia Brasil<\/em><\/p>\n<p style=\"text-align: justify;\"><strong>Siga o SE Not\u00edcias pelo <a href=\"https:\/\/twitter.com\/Senoticias\" target=\"_blank\">Twitter <\/a>e curta no <a href=\"https:\/\/www.facebook.com\/PortalSENoticias\" target=\"_blank\">Facebook<\/a><\/strong><\/p>\n","protected":false},"excerpt":{"rendered":"<p>O Minist\u00e9rio da Educa\u00e7\u00e3o (MEC) e Minist\u00e9rio da Justi\u00e7a formar\u00e3o um grupo para analisar as mensalidades cobradas pelos cursos superiores financiados pelo Fundo de Financiamento Estudantil (Fies). O objetivo \u00e9 evitar cobran\u00e7as abusivas que comprometam tanto a oferta do financiamento como o pagamento futuro pelos estudantes. O grupo vai tamb\u00e9m propor melhorias ao programa. A [&hellip;]<\/p>\n","protected":false},"author":1,"featured_media":77615,"comment_status":"closed","ping_status":"closed","sticky":false,"template":"","format":"standard","meta":{"footnotes":""},"categories":[44,26,6],"tags":[],"class_list":{"0":"post-77614","1":"post","2":"type-post","3":"status-publish","4":"format-standard","5":"has-post-thumbnail","7":"category-educacao","8":"category-esportes","9":"category-politica"},"_links":{"self":[{"href":"https:\/\/senoticias.com.br\/se\/wp-json\/wp\/v2\/posts\/77614"}],"collection":[{"href":"https:\/\/senoticias.com.br\/se\/wp-json\/wp\/v2\/posts"}],"about":[{"href":"https:\/\/senoticias.com.br\/se\/wp-json\/wp\/v2\/types\/post"}],"author":[{"embeddable":true,"href":"https:\/\/senoticias.com.br\/se\/wp-json\/wp\/v2\/users\/1"}],"replies":[{"embeddable":true,"href":"https:\/\/senoticias.com.br\/se\/wp-json\/wp\/v2\/comments?post=77614"}],"version-history":[{"count":0,"href":"https:\/\/senoticias.com.br\/se\/wp-json\/wp\/v2\/posts\/77614\/revisions"}],"wp:featuredmedia":[{"embeddable":true,"href":"https:\/\/senoticias.com.br\/se\/wp-json\/wp\/v2\/media\/77615"}],"wp:attachment":[{"href":"https:\/\/senoticias.com.br\/se\/wp-json\/wp\/v2\/media?parent=77614"}],"wp:term":[{"taxonomy":"category","embeddable":true,"href":"https:\/\/senoticias.com.br\/se\/wp-json\/wp\/v2\/categories?post=77614"},{"taxonomy":"post_tag","embeddable":true,"href":"https:\/\/senoticias.com.br\/se\/wp-json\/wp\/v2\/tags?post=77614"}],"curies":[{"name":"wp","href":"https:\/\/api.w.org\/{rel}","templated":true}]}}