{"id":77610,"date":"2015-03-23T11:20:16","date_gmt":"2015-03-23T14:20:16","guid":{"rendered":"http:\/\/senoticias.com.br\/se\/?p=77610"},"modified":"2015-03-23T11:20:16","modified_gmt":"2015-03-23T14:20:16","slug":"papa-pede-protecao-ao-acesso-de-todos-a-agua","status":"publish","type":"post","link":"https:\/\/senoticias.com.br\/se\/papa-pede-protecao-ao-acesso-de-todos-a-agua\/","title":{"rendered":"Papa pede prote\u00e7\u00e3o ao acesso de todos \u00e0 \u00e1gua"},"content":{"rendered":"<div id=\"attachment_77611\" style=\"width: 586px\" class=\"wp-caption aligncenter\"><a href=\"http:\/\/senoticias.com.br\/se\/wp-content\/uploads\/2015\/03\/127520147199.jpg\"><img loading=\"lazy\" decoding=\"async\" aria-describedby=\"caption-attachment-77611\" class=\" wp-image-77611 \" alt=\"Foto: Divulga\u00e7\u00e3o \" src=\"http:\/\/senoticias.com.br\/se\/wp-content\/uploads\/2015\/03\/127520147199.jpg\" width=\"576\" height=\"432\" \/><\/a><p id=\"caption-attachment-77611\" class=\"wp-caption-text\">Foto: Divulga\u00e7\u00e3o<\/p><\/div>\n<p style=\"text-align: justify;\">O papa Francisco apelou hoje (22) \u00e0 comunidade internacional para que proteja a \u00e1gua e garanta o acesso universal a este bem. &#8220;A \u00e1gua \u00e9 o elemento mais essencial \u00e0 vida e da nossa capacidade de salvaguard\u00e1-la e de partilh\u00e1-la depende o futuro da humanidade&#8221;, disse, no Dia Mundial da \u00c1gua.<\/p>\n<p style=\"text-align: justify;\">O bispo de Roma fez essas declara\u00e7\u00f5es a partir da janela do Pal\u00e1cio Apost\u00f3lico do Vaticano, durante a Ora\u00e7\u00e3o do Angelus. &#8220;Exorto, portanto, a comunidade internacional que esteja vigilante para que as \u00e1guas do planeta estejam adequadamente protegidas e que ningu\u00e9m seja exclu\u00eddo ou discriminado do uso deste bem, que \u00e9 um bem comum por excel\u00eancia&#8221;, acrescentou.<\/p>\n<p style=\"text-align: justify;\"><em>\u00a0Fonte: Ag\u00eancia Brasil<\/em><\/p>\n<p style=\"text-align: justify;\"><strong>Siga o SE Not\u00edcias pelo <a href=\"https:\/\/twitter.com\/Senoticias\" target=\"_blank\">Twitter<\/a> e curta no <a href=\"https:\/\/www.facebook.com\/PortalSENoticias\" target=\"_blank\">Facebook<\/a><\/strong><\/p>\n","protected":false},"excerpt":{"rendered":"<p>O papa Francisco apelou hoje (22) \u00e0 comunidade internacional para que proteja a \u00e1gua e garanta o acesso universal a este bem. &#8220;A \u00e1gua \u00e9 o elemento mais essencial \u00e0 vida e da nossa capacidade de salvaguard\u00e1-la e de partilh\u00e1-la depende o futuro da humanidade&#8221;, disse, no Dia Mundial da \u00c1gua. O bispo de Roma [&hellip;]<\/p>\n","protected":false},"author":1,"featured_media":77611,"comment_status":"closed","ping_status":"closed","sticky":false,"template":"","format":"standard","meta":{"footnotes":""},"categories":[46],"tags":[],"class_list":{"0":"post-77610","1":"post","2":"type-post","3":"status-publish","4":"format-standard","5":"has-post-thumbnail","7":"category-religiao"},"_links":{"self":[{"href":"https:\/\/senoticias.com.br\/se\/wp-json\/wp\/v2\/posts\/77610"}],"collection":[{"href":"https:\/\/senoticias.com.br\/se\/wp-json\/wp\/v2\/posts"}],"about":[{"href":"https:\/\/senoticias.com.br\/se\/wp-json\/wp\/v2\/types\/post"}],"author":[{"embeddable":true,"href":"https:\/\/senoticias.com.br\/se\/wp-json\/wp\/v2\/users\/1"}],"replies":[{"embeddable":true,"href":"https:\/\/senoticias.com.br\/se\/wp-json\/wp\/v2\/comments?post=77610"}],"version-history":[{"count":0,"href":"https:\/\/senoticias.com.br\/se\/wp-json\/wp\/v2\/posts\/77610\/revisions"}],"wp:featuredmedia":[{"embeddable":true,"href":"https:\/\/senoticias.com.br\/se\/wp-json\/wp\/v2\/media\/77611"}],"wp:attachment":[{"href":"https:\/\/senoticias.com.br\/se\/wp-json\/wp\/v2\/media?parent=77610"}],"wp:term":[{"taxonomy":"category","embeddable":true,"href":"https:\/\/senoticias.com.br\/se\/wp-json\/wp\/v2\/categories?post=77610"},{"taxonomy":"post_tag","embeddable":true,"href":"https:\/\/senoticias.com.br\/se\/wp-json\/wp\/v2\/tags?post=77610"}],"curies":[{"name":"wp","href":"https:\/\/api.w.org\/{rel}","templated":true}]}}