{"id":77607,"date":"2015-03-23T11:15:04","date_gmt":"2015-03-23T14:15:04","guid":{"rendered":"http:\/\/senoticias.com.br\/se\/?p=77607"},"modified":"2015-03-23T11:15:04","modified_gmt":"2015-03-23T14:15:04","slug":"manifestantes-fecham-avenida-euclides-figueiredo-pedindo-sinalizacao","status":"publish","type":"post","link":"https:\/\/senoticias.com.br\/se\/manifestantes-fecham-avenida-euclides-figueiredo-pedindo-sinalizacao\/","title":{"rendered":"Manifestantes fecham avenida Euclides Figueiredo pedindo sinaliza\u00e7\u00e3o"},"content":{"rendered":"<p style=\"text-align: justify;\">A semana come\u00e7ou com uma grande agita\u00e7\u00e3o na avenida Euclides Figueiredo, bairro Industrial, nas proximidades da antena de transmiss\u00e3o da R\u00e1dio Atalaia, com uma grande manifesta\u00e7\u00e3o de moradores da regi\u00e3o do loteamento Moema Mary, que efetuaram um bloqueio que est\u00e1 impedindo o fluxo de ve\u00edculos nos dois sentidos da avenida, iniciada por volta das 5h30 desta segunda-feira (23).<\/p>\n<div id=\"attachment_77608\" style=\"width: 593px\" class=\"wp-caption aligncenter\"><a href=\"http:\/\/senoticias.com.br\/se\/wp-content\/uploads\/2015\/03\/233201563349.jpg\"><img loading=\"lazy\" decoding=\"async\" aria-describedby=\"caption-attachment-77608\" class=\" wp-image-77608   \" alt=\"Imagem: Jefferson Horta\" src=\"http:\/\/senoticias.com.br\/se\/wp-content\/uploads\/2015\/03\/233201563349.jpg\" width=\"583\" height=\"329\" srcset=\"https:\/\/senoticias.com.br\/se\/wp-content\/uploads\/2015\/03\/233201563349.jpg 800w, https:\/\/senoticias.com.br\/se\/wp-content\/uploads\/2015\/03\/233201563349-300x168.jpg 300w, https:\/\/senoticias.com.br\/se\/wp-content\/uploads\/2015\/03\/233201563349-342x192.jpg 342w\" sizes=\"(max-width: 583px) 100vw, 583px\" \/><\/a><p id=\"caption-attachment-77608\" class=\"wp-caption-text\">Imagem: Jefferson Horta<\/p><\/div>\n<p style=\"text-align: justify;\">De acordo com informa\u00e7\u00f5es, os moradores se queixam da grande quantidade de acidentes ocorridos na via, o que deixa os moradores da \u00e1rea expostos a riscos, devido \u00e0 alta velocidade e a maneira imprudente como v\u00e1rios condutores se comportam na avenida, que n\u00e3o possui redutores de velocidade na parte em que os moradores colocaram a barricada de pneus e entulho em chamas.<\/p>\n<p style=\"text-align: justify;\">Os moradores pedem que a Prefeitura de Aracaju coloque sinaliza\u00e7\u00e3o e instale quebra-molas na avenida, para diminuir a velocidade que os carros passam, dando oportunidade para as pessoas poderem atravessar e n\u00e3o expor suas vidas a riscos.<\/p>\n<p style=\"text-align: justify;\">Um destacamento da Pol\u00edcia Militar foi enviado para o local e acompanha a manifesta\u00e7\u00e3o sem praticar interfer\u00eancia. Est\u00e3o negociando com os moradores para que a via seja liberada e o tr\u00e2nsito volte a fluir. Um caminh\u00e3o do Corpo de Bombeiros foi acionado e se deslocou para a manifesta\u00e7\u00e3o, para poder apagar as chamas dos pneus e do material que foi usado como barricada.<\/p>\n<p style=\"text-align: justify;\"><em>Com informa\u00e7\u00f5es de Marcio Rocha do F5 News\u00a0<\/em><\/p>\n<p style=\"text-align: justify;\"><strong>Siga o SE Not\u00edcias pelo <a href=\"https:\/\/twitter.com\/Senoticias\" target=\"_blank\">Twitter<\/a> e curta no <a href=\"https:\/\/www.facebook.com\/PortalSENoticias\" target=\"_blank\">Facebook<\/a><\/strong><\/p>\n","protected":false},"excerpt":{"rendered":"<p>A semana come\u00e7ou com uma grande agita\u00e7\u00e3o na avenida Euclides Figueiredo, bairro Industrial, nas proximidades da antena de transmiss\u00e3o da R\u00e1dio Atalaia, com uma grande manifesta\u00e7\u00e3o de moradores da regi\u00e3o do loteamento Moema Mary, que efetuaram um bloqueio que est\u00e1 impedindo o fluxo de ve\u00edculos nos dois sentidos da avenida, iniciada por volta das 5h30 [&hellip;]<\/p>\n","protected":false},"author":1,"featured_media":77608,"comment_status":"closed","ping_status":"closed","sticky":false,"template":"","format":"standard","meta":{"footnotes":""},"categories":[38],"tags":[],"class_list":{"0":"post-77607","1":"post","2":"type-post","3":"status-publish","4":"format-standard","5":"has-post-thumbnail","7":"category-municipios"},"_links":{"self":[{"href":"https:\/\/senoticias.com.br\/se\/wp-json\/wp\/v2\/posts\/77607"}],"collection":[{"href":"https:\/\/senoticias.com.br\/se\/wp-json\/wp\/v2\/posts"}],"about":[{"href":"https:\/\/senoticias.com.br\/se\/wp-json\/wp\/v2\/types\/post"}],"author":[{"embeddable":true,"href":"https:\/\/senoticias.com.br\/se\/wp-json\/wp\/v2\/users\/1"}],"replies":[{"embeddable":true,"href":"https:\/\/senoticias.com.br\/se\/wp-json\/wp\/v2\/comments?post=77607"}],"version-history":[{"count":0,"href":"https:\/\/senoticias.com.br\/se\/wp-json\/wp\/v2\/posts\/77607\/revisions"}],"wp:featuredmedia":[{"embeddable":true,"href":"https:\/\/senoticias.com.br\/se\/wp-json\/wp\/v2\/media\/77608"}],"wp:attachment":[{"href":"https:\/\/senoticias.com.br\/se\/wp-json\/wp\/v2\/media?parent=77607"}],"wp:term":[{"taxonomy":"category","embeddable":true,"href":"https:\/\/senoticias.com.br\/se\/wp-json\/wp\/v2\/categories?post=77607"},{"taxonomy":"post_tag","embeddable":true,"href":"https:\/\/senoticias.com.br\/se\/wp-json\/wp\/v2\/tags?post=77607"}],"curies":[{"name":"wp","href":"https:\/\/api.w.org\/{rel}","templated":true}]}}