{"id":77604,"date":"2015-03-23T11:08:56","date_gmt":"2015-03-23T14:08:56","guid":{"rendered":"http:\/\/senoticias.com.br\/se\/?p=77604"},"modified":"2015-03-23T11:08:56","modified_gmt":"2015-03-23T14:08:56","slug":"mulher-e-presa-apos-tentar-matar-o-pai-com-golpe-de-faca","status":"publish","type":"post","link":"https:\/\/senoticias.com.br\/se\/mulher-e-presa-apos-tentar-matar-o-pai-com-golpe-de-faca\/","title":{"rendered":"Mulher \u00e9 presa ap\u00f3s tentar matar o pai com golpe de faca"},"content":{"rendered":"<p style=\"text-align: justify;\">Na madrugada desta segunda-feira, dia 23, a Pol\u00edcia Militar efetuou a pris\u00e3o de Josiene Lima da Paix\u00e3o, conhecida como Bub\u00fa, 37 anos, ap\u00f3s a mesma desferir um golpe de faca contra seu pr\u00f3prio genitor, o aposentado Jo\u00e3o Lima da Paix\u00e3o, 77 anos.<\/p>\n<div id=\"attachment_77605\" style=\"width: 591px\" class=\"wp-caption aligncenter\"><a href=\"http:\/\/senoticias.com.br\/se\/wp-content\/uploads\/2015\/03\/bubu_tentativa-morte-pai_23-03-2015_g.jpg\"><img loading=\"lazy\" decoding=\"async\" aria-describedby=\"caption-attachment-77605\" class=\" wp-image-77605  \" alt=\"Foto: Ascom do 3.\u00ba BPM\" src=\"http:\/\/senoticias.com.br\/se\/wp-content\/uploads\/2015\/03\/bubu_tentativa-morte-pai_23-03-2015_g.jpg\" width=\"581\" height=\"470\" srcset=\"https:\/\/senoticias.com.br\/se\/wp-content\/uploads\/2015\/03\/bubu_tentativa-morte-pai_23-03-2015_g.jpg 717w, https:\/\/senoticias.com.br\/se\/wp-content\/uploads\/2015\/03\/bubu_tentativa-morte-pai_23-03-2015_g-300x242.jpg 300w, https:\/\/senoticias.com.br\/se\/wp-content\/uploads\/2015\/03\/bubu_tentativa-morte-pai_23-03-2015_g-342x276.jpg 342w\" sizes=\"(max-width: 581px) 100vw, 581px\" \/><\/a><p id=\"caption-attachment-77605\" class=\"wp-caption-text\">Foto: Ascom do 3.\u00ba BPM<\/p><\/div>\n<p style=\"text-align: justify;\">A tentativa de morte aconteceu por volta de 1h30min na Travessa Professora Rita Vieira Santos, na resid\u00eancia de n\u00famero 572, e com um ferimento no pesco\u00e7o o idoso foi socorrido pelo Servi\u00e7o de Atendimento M\u00f3vel de Urg\u00eancia (SAMU 192) e conduzido para o Hospital Regional de Itabaiana Dr. Pedro Garcia Moreno Filho.<\/p>\n<p style=\"text-align: justify;\">Ap\u00f3s receber o chamado a guarni\u00e7\u00e3o formada pelos soldados Wagner e Aline se dirigiu para o endere\u00e7o, no entanto, a autora do crime j\u00e1 havia se evadido do local, sendo capturada logo depois ao perambular pela Rua S\u00e3o Domingos.<\/p>\n<p style=\"text-align: justify;\">Josiene Lima \u00e9 natural de Itabaiana e \u00e9 possuidora de depend\u00eancia qu\u00edmica. Ela j\u00e1 possui passagem pelo mesmo crime, quando tentou matar um desafeto na \u00e1rea do Mercado Hortifrutigranjeiro, tamb\u00e9m com emprego de faca peixeira.<\/p>\n<p style=\"text-align: justify;\"><em>Com informa\u00e7\u00f5es da reda\u00e7\u00e3o: Gilson de Oliveira, Mais Not\u00edcias<\/em><\/p>\n<p style=\"text-align: justify;\"><strong>Siga o SE Not\u00edcias pelo <a href=\"https:\/\/twitter.com\/Senoticias\" target=\"_blank\">Twitter<\/a> e curta no <a href=\"https:\/\/www.facebook.com\/PortalSENoticias\" target=\"_blank\">Facebook<\/a><\/strong><\/p>\n","protected":false},"excerpt":{"rendered":"<p>Na madrugada desta segunda-feira, dia 23, a Pol\u00edcia Militar efetuou a pris\u00e3o de Josiene Lima da Paix\u00e3o, conhecida como Bub\u00fa, 37 anos, ap\u00f3s a mesma desferir um golpe de faca contra seu pr\u00f3prio genitor, o aposentado Jo\u00e3o Lima da Paix\u00e3o, 77 anos. A tentativa de morte aconteceu por volta de 1h30min na Travessa Professora Rita [&hellip;]<\/p>\n","protected":false},"author":1,"featured_media":77605,"comment_status":"closed","ping_status":"closed","sticky":false,"template":"","format":"standard","meta":{"footnotes":""},"categories":[7],"tags":[],"class_list":{"0":"post-77604","1":"post","2":"type-post","3":"status-publish","4":"format-standard","5":"has-post-thumbnail","7":"category-policia"},"_links":{"self":[{"href":"https:\/\/senoticias.com.br\/se\/wp-json\/wp\/v2\/posts\/77604"}],"collection":[{"href":"https:\/\/senoticias.com.br\/se\/wp-json\/wp\/v2\/posts"}],"about":[{"href":"https:\/\/senoticias.com.br\/se\/wp-json\/wp\/v2\/types\/post"}],"author":[{"embeddable":true,"href":"https:\/\/senoticias.com.br\/se\/wp-json\/wp\/v2\/users\/1"}],"replies":[{"embeddable":true,"href":"https:\/\/senoticias.com.br\/se\/wp-json\/wp\/v2\/comments?post=77604"}],"version-history":[{"count":0,"href":"https:\/\/senoticias.com.br\/se\/wp-json\/wp\/v2\/posts\/77604\/revisions"}],"wp:featuredmedia":[{"embeddable":true,"href":"https:\/\/senoticias.com.br\/se\/wp-json\/wp\/v2\/media\/77605"}],"wp:attachment":[{"href":"https:\/\/senoticias.com.br\/se\/wp-json\/wp\/v2\/media?parent=77604"}],"wp:term":[{"taxonomy":"category","embeddable":true,"href":"https:\/\/senoticias.com.br\/se\/wp-json\/wp\/v2\/categories?post=77604"},{"taxonomy":"post_tag","embeddable":true,"href":"https:\/\/senoticias.com.br\/se\/wp-json\/wp\/v2\/tags?post=77604"}],"curies":[{"name":"wp","href":"https:\/\/api.w.org\/{rel}","templated":true}]}}