{"id":77598,"date":"2015-03-23T05:55:09","date_gmt":"2015-03-23T08:55:09","guid":{"rendered":"http:\/\/senoticias.com.br\/se\/?p=77598"},"modified":"2015-03-23T05:58:17","modified_gmt":"2015-03-23T08:58:17","slug":"idosa-natural-de-sao-domingos-portadora-de-deficiencia-fisica-morre-em-lagarto","status":"publish","type":"post","link":"https:\/\/senoticias.com.br\/se\/idosa-natural-de-sao-domingos-portadora-de-deficiencia-fisica-morre-em-lagarto\/","title":{"rendered":"Idosa natural de S\u00e3o Domingos, portadora de defici\u00eancia f\u00edsica, morre em Lagarto"},"content":{"rendered":"<p>&nbsp;<\/p>\n<div id=\"attachment_77599\" style=\"width: 310px\" class=\"wp-caption alignright\"><a href=\"http:\/\/senoticias.com.br\/se\/wp-content\/uploads\/2015\/03\/idosa_morta_estrada_barragem_lagarto_g.jpg\"><img loading=\"lazy\" decoding=\"async\" aria-describedby=\"caption-attachment-77599\" class=\"size-full wp-image-77599\" alt=\"Idosa era portadora de defici\u00eancia f\u00edsica, morre ap\u00f3s acidente em Lagarto. (Foto: Portal Lagartense)\" src=\"http:\/\/senoticias.com.br\/se\/wp-content\/uploads\/2015\/03\/idosa_morta_estrada_barragem_lagarto_g.jpg\" width=\"300\" height=\"298\" srcset=\"https:\/\/senoticias.com.br\/se\/wp-content\/uploads\/2015\/03\/idosa_morta_estrada_barragem_lagarto_g.jpg 300w, https:\/\/senoticias.com.br\/se\/wp-content\/uploads\/2015\/03\/idosa_morta_estrada_barragem_lagarto_g-150x150.jpg 150w, https:\/\/senoticias.com.br\/se\/wp-content\/uploads\/2015\/03\/idosa_morta_estrada_barragem_lagarto_g-50x50.jpg 50w, https:\/\/senoticias.com.br\/se\/wp-content\/uploads\/2015\/03\/idosa_morta_estrada_barragem_lagarto_g-70x70.jpg 70w, https:\/\/senoticias.com.br\/se\/wp-content\/uploads\/2015\/03\/idosa_morta_estrada_barragem_lagarto_g-55x55.jpg 55w\" sizes=\"(max-width: 300px) 100vw, 300px\" \/><\/a><p id=\"caption-attachment-77599\" class=\"wp-caption-text\">Idosa era portadora de defici\u00eancia f\u00edsica, morre ap\u00f3s acidente em Lagarto. (Foto: Portal Lagartense)<\/p><\/div>\n<p style=\"text-align: justify;\">No final da tarde deste domingo, dia 22, uma aposentada de 73 anos faleceu em acidente automobil\u00edstico na estrada de acesso a Barragem Dion\u00edsio de Ara\u00fajo Machado, no munic\u00edpio de Lagarto, na regi\u00e3o Centro-Sul de Sergipe.<\/p>\n<p style=\"text-align: justify;\">A idosa identificada pela pol\u00edcia no local do fato pelo prenome de V\u00edrginia estava como passageira do banco dianteiro do ve\u00edculo GM, modelo Corsa, de cor Verde, com placas do munic\u00edpio de S\u00e3o Domingos (SE), quando o motorista perdeu o controle da dire\u00e7\u00e3o, colidiu contra um barranco e a mulher foi jogada para fora do carro, causando a sua morte.<\/p>\n<p style=\"text-align: justify;\">O Servi\u00e7o de Atendimento M\u00f3vel de Urg\u00eancia (SAMU 192) foi acionado para prestar socorro \u00e0 v\u00edtima, por\u00e9m quando a equipe chegou ao local ela j\u00e1 havia evolu\u00eddo a \u00f3bito. A aposentada era portadora de defici\u00eancia f\u00edsica e morava em S\u00e3o Domingos, de onde tamb\u00e9m era natural.<\/p>\n<p style=\"text-align: justify;\">O motorista do carro era marido da idosa e no local do acidente a pol\u00edcia encontrou ind\u00edcios que a v\u00edtima n\u00e3o fazia uso do cinto de seguran\u00e7a. No ve\u00edculo ainda estavam outros dois membros da fam\u00edlia e nenhum dos demais ocupantes sofreu ferimentos. Dentro do carro foram encontradas algumas garrafas de cerveja.<\/p>\n<p><strong>Siga o SE Not\u00edcias pelo <a href=\"https:\/\/twitter.com\/Senoticias\" target=\"_blank\">Twitter<\/a> e curta no <a href=\" https:\/\/www.facebook.com\/PortalSENoticias\" target=\"_blank\">Facebook<\/a><\/strong><\/p>\n<p style=\"text-align: justify;\"><em>Gilson de Oliveira, Mais Not\u00edcias com informa\u00e7\u00f5es do Portal Lagartense<\/em><\/p>\n","protected":false},"excerpt":{"rendered":"<p>&nbsp; No final da tarde deste domingo, dia 22, uma aposentada de 73 anos faleceu em acidente automobil\u00edstico na estrada de acesso a Barragem Dion\u00edsio de Ara\u00fajo Machado, no munic\u00edpio de Lagarto, na regi\u00e3o Centro-Sul de Sergipe. A idosa identificada pela pol\u00edcia no local do fato pelo prenome de V\u00edrginia estava como passageira do banco [&hellip;]<\/p>\n","protected":false},"author":1,"featured_media":77599,"comment_status":"closed","ping_status":"closed","sticky":false,"template":"","format":"standard","meta":{"footnotes":""},"categories":[7],"tags":[],"class_list":{"0":"post-77598","1":"post","2":"type-post","3":"status-publish","4":"format-standard","5":"has-post-thumbnail","7":"category-policia"},"_links":{"self":[{"href":"https:\/\/senoticias.com.br\/se\/wp-json\/wp\/v2\/posts\/77598"}],"collection":[{"href":"https:\/\/senoticias.com.br\/se\/wp-json\/wp\/v2\/posts"}],"about":[{"href":"https:\/\/senoticias.com.br\/se\/wp-json\/wp\/v2\/types\/post"}],"author":[{"embeddable":true,"href":"https:\/\/senoticias.com.br\/se\/wp-json\/wp\/v2\/users\/1"}],"replies":[{"embeddable":true,"href":"https:\/\/senoticias.com.br\/se\/wp-json\/wp\/v2\/comments?post=77598"}],"version-history":[{"count":0,"href":"https:\/\/senoticias.com.br\/se\/wp-json\/wp\/v2\/posts\/77598\/revisions"}],"wp:featuredmedia":[{"embeddable":true,"href":"https:\/\/senoticias.com.br\/se\/wp-json\/wp\/v2\/media\/77599"}],"wp:attachment":[{"href":"https:\/\/senoticias.com.br\/se\/wp-json\/wp\/v2\/media?parent=77598"}],"wp:term":[{"taxonomy":"category","embeddable":true,"href":"https:\/\/senoticias.com.br\/se\/wp-json\/wp\/v2\/categories?post=77598"},{"taxonomy":"post_tag","embeddable":true,"href":"https:\/\/senoticias.com.br\/se\/wp-json\/wp\/v2\/tags?post=77598"}],"curies":[{"name":"wp","href":"https:\/\/api.w.org\/{rel}","templated":true}]}}