{"id":77592,"date":"2015-03-23T05:30:04","date_gmt":"2015-03-23T08:30:04","guid":{"rendered":"http:\/\/senoticias.com.br\/se\/?p=77592"},"modified":"2015-03-24T05:42:13","modified_gmt":"2015-03-24T08:42:13","slug":"ciclista-morre-durante-passeio-em-aracaju","status":"publish","type":"post","link":"https:\/\/senoticias.com.br\/se\/ciclista-morre-durante-passeio-em-aracaju\/","title":{"rendered":"Ciclista morre durante passeio em Aracaju"},"content":{"rendered":"<p style=\"text-align: justify;\"><em>Por K\u00e1tia Susanna*<\/em><\/p>\n<p style=\"text-align: justify;\">Na tarde deste domingo, 22, um homem identificado como Gustavo Correia estava na companhia de um grupo de ciclistas quando passou mal e veio a \u00f3bito nas proximidades da ponte do Santa L\u00facia, em Aracaju. As circunst\u00e2ncias que levaram ao \u00f3bito n\u00e3o foram divulgadas pela equipe do Samu.<\/p>\n<p style=\"text-align: justify;\">De acordo com a assessoria de comunica\u00e7\u00e3o do Samu ao chegar ao local uma equipe do Corpo de Bombeiros j\u00e1 realizava os procedimentos de reanima\u00e7\u00e3o da v\u00edtima. O Samu utilizando uma unidade de suporte avan\u00e7ado tamb\u00e9m tentou reanimar a v\u00edtima com doses de adrenalina, mas o ciclista veio a \u00f3bito.<\/p>\n<div id=\"attachment_77593\" style=\"width: 600px\" class=\"wp-caption aligncenter\"><a href=\"http:\/\/senoticias.com.br\/se\/wp-content\/uploads\/2015\/03\/grande-morte-ciclista-sol-nascente-ponte22032015.jpg\"><img loading=\"lazy\" decoding=\"async\" aria-describedby=\"caption-attachment-77593\" class=\"size-full wp-image-77593\" alt=\"O ciclista passou mal na ponte do Santa L\u00facia. (Foto: Internauta)\" src=\"http:\/\/senoticias.com.br\/se\/wp-content\/uploads\/2015\/03\/grande-morte-ciclista-sol-nascente-ponte22032015.jpg\" width=\"590\" height=\"392\" srcset=\"https:\/\/senoticias.com.br\/se\/wp-content\/uploads\/2015\/03\/grande-morte-ciclista-sol-nascente-ponte22032015.jpg 590w, https:\/\/senoticias.com.br\/se\/wp-content\/uploads\/2015\/03\/grande-morte-ciclista-sol-nascente-ponte22032015-300x199.jpg 300w, https:\/\/senoticias.com.br\/se\/wp-content\/uploads\/2015\/03\/grande-morte-ciclista-sol-nascente-ponte22032015-342x227.jpg 342w\" sizes=\"(max-width: 590px) 100vw, 590px\" \/><\/a><p id=\"caption-attachment-77593\" class=\"wp-caption-text\">O ciclista passou mal na ponte do Santa L\u00facia. (Foto: Internauta)<\/p><\/div>\n<p style=\"text-align: justify;\">A equipe do Instituto M\u00e9dico Legal (IML) esteve no local, mas foi comprovada a morte e o corpo foi encaminhado para outro procedimento.<\/p>\n<p style=\"text-align: justify;\">O vel\u00f3rio est\u00e1 sendo realizado no Osaf, localizado na rua de Itaporanga, 436, Centro de Aracaju.<\/p>\n<p style=\"text-align: justify;\">A assessoria de imprensa do Confian\u00e7a encaminhou para o\u00a0<em>Portal Infonet<\/em>\u00a0nota onde lamenta a perda do professor. \u201cA Diretoria da Associa\u00e7\u00e3o Desportiva Confian\u00e7a, vem a p\u00fablico manifestar, em nome de todos os seus dirigentes, funcion\u00e1rios e atletas, o sentimento de pesar pelo falecimento de Gustavo Correia de Ara\u00fajo. Gustavo era torcedor ilustre do Confian\u00e7a, e chegou a ocupar o posto de conselheiro do clube. Neste momento de imensa tristeza, o clube envia condol\u00eancias aos familiares e amigos\u201d.<\/p>\n<p><strong>Siga o SE Not\u00edcias pelo <a href=\"https:\/\/twitter.com\/Senoticias\" target=\"_blank\">Twitter <\/a>e curta no <a href=\" https:\/\/www.facebook.com\/PortalSENoticias\" target=\"_blank\">Facebook<\/a><\/strong><\/p>\n<p><strong><em>Por K\u00e1tia Susanna, Portal Infonet<\/em><\/strong><\/p>\n","protected":false},"excerpt":{"rendered":"<p>Por K\u00e1tia Susanna* Na tarde deste domingo, 22, um homem identificado como Gustavo Correia estava na companhia de um grupo de ciclistas quando passou mal e veio a \u00f3bito nas proximidades da ponte do Santa L\u00facia, em Aracaju. As circunst\u00e2ncias que levaram ao \u00f3bito n\u00e3o foram divulgadas pela equipe do Samu. De acordo com a [&hellip;]<\/p>\n","protected":false},"author":1,"featured_media":77593,"comment_status":"closed","ping_status":"closed","sticky":false,"template":"","format":"standard","meta":{"footnotes":""},"categories":[310,7],"tags":[],"class_list":{"0":"post-77592","1":"post","2":"type-post","3":"status-publish","4":"format-standard","5":"has-post-thumbnail","7":"category-destaques-da-semana","8":"category-policia"},"_links":{"self":[{"href":"https:\/\/senoticias.com.br\/se\/wp-json\/wp\/v2\/posts\/77592"}],"collection":[{"href":"https:\/\/senoticias.com.br\/se\/wp-json\/wp\/v2\/posts"}],"about":[{"href":"https:\/\/senoticias.com.br\/se\/wp-json\/wp\/v2\/types\/post"}],"author":[{"embeddable":true,"href":"https:\/\/senoticias.com.br\/se\/wp-json\/wp\/v2\/users\/1"}],"replies":[{"embeddable":true,"href":"https:\/\/senoticias.com.br\/se\/wp-json\/wp\/v2\/comments?post=77592"}],"version-history":[{"count":0,"href":"https:\/\/senoticias.com.br\/se\/wp-json\/wp\/v2\/posts\/77592\/revisions"}],"wp:featuredmedia":[{"embeddable":true,"href":"https:\/\/senoticias.com.br\/se\/wp-json\/wp\/v2\/media\/77593"}],"wp:attachment":[{"href":"https:\/\/senoticias.com.br\/se\/wp-json\/wp\/v2\/media?parent=77592"}],"wp:term":[{"taxonomy":"category","embeddable":true,"href":"https:\/\/senoticias.com.br\/se\/wp-json\/wp\/v2\/categories?post=77592"},{"taxonomy":"post_tag","embeddable":true,"href":"https:\/\/senoticias.com.br\/se\/wp-json\/wp\/v2\/tags?post=77592"}],"curies":[{"name":"wp","href":"https:\/\/api.w.org\/{rel}","templated":true}]}}