{"id":77484,"date":"2015-03-19T15:08:51","date_gmt":"2015-03-19T18:08:51","guid":{"rendered":"http:\/\/senoticias.com.br\/se\/?p=77484"},"modified":"2015-03-19T15:08:51","modified_gmt":"2015-03-19T18:08:51","slug":"resultado-de-recurso-do-concurso-da-policia-civil-sera-divulgado-dia-23","status":"publish","type":"post","link":"https:\/\/senoticias.com.br\/se\/resultado-de-recurso-do-concurso-da-policia-civil-sera-divulgado-dia-23\/","title":{"rendered":"Resultado de recurso do Concurso da Pol\u00edcia Civil ser\u00e1 divulgado dia 23"},"content":{"rendered":"<div id=\"attachment_71673\" style=\"width: 568px\" class=\"wp-caption aligncenter\"><a href=\"http:\/\/senoticias.com.br\/se\/wp-content\/uploads\/2014\/10\/allandecarvalho_ssp_090113.jpg\"><img loading=\"lazy\" decoding=\"async\" aria-describedby=\"caption-attachment-71673\" class=\" wp-image-71673 \" alt=\"Resultado de recurso do Concurso da Pol\u00edcia Civil ser\u00e1 divulgado dia 23 de Mar\u00e7o. (Foto: SSP\/SE)\" src=\"http:\/\/senoticias.com.br\/se\/wp-content\/uploads\/2014\/10\/allandecarvalho_ssp_090113.jpg\" width=\"558\" height=\"419\" \/><\/a><p id=\"caption-attachment-71673\" class=\"wp-caption-text\">Resultado de recurso do Concurso da Pol\u00edcia Civil ser\u00e1 divulgado dia 23 de Mar\u00e7o. (Foto: SSP\/SE)<\/p><\/div>\n<p style=\"text-align: justify;\">O Governo do Estado, atrav\u00e9s das Secretarias de Estado do Planejamento, Or\u00e7amento e Gest\u00e3o (Seplag) e da Seguran\u00e7a P\u00fablica (SSP), informam que o resultado dos recursos para o exame psicot\u00e9cnico do Concurso P\u00fablico para provimento de vagas na Policia Civil de Sergipe ser\u00e1 divulgado no dia 23 de mar\u00e7o. A data, anteriormente prevista para dia 16, precisou ser alterada para melhor avalia\u00e7\u00e3o dos recursol.<\/p>\n<p style=\"text-align: justify;\">A organiza\u00e7\u00e3o do concurso informa ainda que, posteriormente, o resultado final da 1\u00ba e 2\u00ba fase do certame, bem como a convoca\u00e7\u00e3o para o Curso de Forma\u00e7\u00e3o, ser\u00e3o divulgados. Vale ressaltar que os candidatos devem ficar atentos ao Di\u00e1rio Oficial do Estado, e aos portais do Instituto Brasileiro de Forma\u00e7\u00e3o e Capacita\u00e7\u00e3o (IBFC), da Seplag e SSP, para se informar sobre suas coloca\u00e7\u00f5es.<\/p>\n<p style=\"text-align: justify;\"><strong>Sobre o certame<\/strong><\/p>\n<p style=\"text-align: justify;\">O concurso p\u00fablico em quest\u00e3o foi lan\u00e7ado em setembro de 2014 e visa o preenchimento de 20 vagas para escriv\u00e3o substituto e 100 vagas para agente de pol\u00edcia judici\u00e1ria substituto. A jornada de trabalho \u00e9 de 40 horas semanais e o sal\u00e1rio inicial para ambos os cargos \u00e9 de R$ 4.500,00 reais.<\/p>\n<p style=\"text-align: justify;\"><em>Fonte: Ag\u00eancia Sergipe<\/em><\/p>\n<p style=\"text-align: justify;\"><strong>Acompanhe o SE Not\u00edcias no <a href=\"https:\/\/twitter.com\/Senoticias\" target=\"_blank\">Twitter <\/a>e no <a href=\"https:\/\/www.facebook.com\/PortalSENoticias\" target=\"_blank\">Facebook<\/a><\/strong><\/p>\n","protected":false},"excerpt":{"rendered":"<p>O Governo do Estado, atrav\u00e9s das Secretarias de Estado do Planejamento, Or\u00e7amento e Gest\u00e3o (Seplag) e da Seguran\u00e7a P\u00fablica (SSP), informam que o resultado dos recursos para o exame psicot\u00e9cnico do Concurso P\u00fablico para provimento de vagas na Policia Civil de Sergipe ser\u00e1 divulgado no dia 23 de mar\u00e7o. A data, anteriormente prevista para dia [&hellip;]<\/p>\n","protected":false},"author":1,"featured_media":71673,"comment_status":"closed","ping_status":"closed","sticky":false,"template":"","format":"standard","meta":{"footnotes":""},"categories":[7],"tags":[],"class_list":{"0":"post-77484","1":"post","2":"type-post","3":"status-publish","4":"format-standard","5":"has-post-thumbnail","7":"category-policia"},"_links":{"self":[{"href":"https:\/\/senoticias.com.br\/se\/wp-json\/wp\/v2\/posts\/77484"}],"collection":[{"href":"https:\/\/senoticias.com.br\/se\/wp-json\/wp\/v2\/posts"}],"about":[{"href":"https:\/\/senoticias.com.br\/se\/wp-json\/wp\/v2\/types\/post"}],"author":[{"embeddable":true,"href":"https:\/\/senoticias.com.br\/se\/wp-json\/wp\/v2\/users\/1"}],"replies":[{"embeddable":true,"href":"https:\/\/senoticias.com.br\/se\/wp-json\/wp\/v2\/comments?post=77484"}],"version-history":[{"count":0,"href":"https:\/\/senoticias.com.br\/se\/wp-json\/wp\/v2\/posts\/77484\/revisions"}],"wp:featuredmedia":[{"embeddable":true,"href":"https:\/\/senoticias.com.br\/se\/wp-json\/wp\/v2\/media\/71673"}],"wp:attachment":[{"href":"https:\/\/senoticias.com.br\/se\/wp-json\/wp\/v2\/media?parent=77484"}],"wp:term":[{"taxonomy":"category","embeddable":true,"href":"https:\/\/senoticias.com.br\/se\/wp-json\/wp\/v2\/categories?post=77484"},{"taxonomy":"post_tag","embeddable":true,"href":"https:\/\/senoticias.com.br\/se\/wp-json\/wp\/v2\/tags?post=77484"}],"curies":[{"name":"wp","href":"https:\/\/api.w.org\/{rel}","templated":true}]}}