{"id":77481,"date":"2015-03-19T15:01:46","date_gmt":"2015-03-19T18:01:46","guid":{"rendered":"http:\/\/senoticias.com.br\/se\/?p=77481"},"modified":"2015-03-19T15:01:46","modified_gmt":"2015-03-19T18:01:46","slug":"agencia-dos-correios-e-assaltada-em-aquidaba","status":"publish","type":"post","link":"https:\/\/senoticias.com.br\/se\/agencia-dos-correios-e-assaltada-em-aquidaba\/","title":{"rendered":"Ag\u00eancia dos Correios \u00e9 assaltada em Aquidab\u00e3"},"content":{"rendered":"<div id=\"attachment_65556\" style=\"width: 268px\" class=\"wp-caption alignright\"><a href=\"http:\/\/senoticias.com.br\/se\/wp-content\/uploads\/2014\/06\/correios.jpg\"><img loading=\"lazy\" decoding=\"async\" aria-describedby=\"caption-attachment-65556\" class=\"size-medium wp-image-65556\" alt=\"A a\u00e7\u00e3o ocorreu na ag\u00eancia de Aquidab\u00e3, nesta quinta-feira,19. (Foto: Ilustrativa) \" src=\"http:\/\/senoticias.com.br\/se\/wp-content\/uploads\/2014\/06\/correios-258x300.jpg\" width=\"258\" height=\"300\" srcset=\"https:\/\/senoticias.com.br\/se\/wp-content\/uploads\/2014\/06\/correios-258x300.jpg 258w, https:\/\/senoticias.com.br\/se\/wp-content\/uploads\/2014\/06\/correios-342x396.jpg 342w, https:\/\/senoticias.com.br\/se\/wp-content\/uploads\/2014\/06\/correios.jpg 718w\" sizes=\"(max-width: 258px) 100vw, 258px\" \/><\/a><p id=\"caption-attachment-65556\" class=\"wp-caption-text\">A a\u00e7\u00e3o ocorreu na ag\u00eancia de Aquidab\u00e3, nesta quinta-feira,19. (Foto: Ilustrativa)<\/p><\/div>\n<p style=\"text-align: justify;\">Na manh\u00e3 desta quinta-feira (19), funcion\u00e1rios da ag\u00eancia dos Correios da cidade de Aquidab\u00e3, foram presos em um banheiro do estabelecimento enquanto homens roubaram dinheiro e a arma do vigilante do local.<\/p>\n<p style=\"text-align: justify;\">Segundo a pol\u00edcia militar, o fato aconteceu por volta das 8h30, mas s\u00f3 foi denunciado \u00e0s 11h. Em seguida, policais foram at\u00e9 a ag\u00eancia libertaram os funcion\u00e1rios e inicaram o trabalho de captura dos assaltantes, mas at\u00e9 o momento ningu\u00e9m foi preso.<\/p>\n<p style=\"text-align: justify;\">Ainda segundo a pol\u00edcia, os funcion\u00e1rios dos Correios foram orientados pela ger\u00eancia para prestar depoimento e mostrar as imagens internas para a Pol\u00edcia Federal.<\/p>\n<p style=\"text-align: justify;\"><em>Com informa\u00e7\u00f5es do G1, em Sergipe<\/em><\/p>\n<p style=\"text-align: justify;\"><strong>Acompanhe o SE Not\u00edcias no <a href=\"https:\/\/twitter.com\/Senoticias\" target=\"_blank\">Twitter <\/a>e no <a href=\"https:\/\/www.facebook.com\/PortalSENoticias?ref=bookmarks\" target=\"_blank\">Facebook<\/a><\/strong><\/p>\n","protected":false},"excerpt":{"rendered":"<p>Na manh\u00e3 desta quinta-feira (19), funcion\u00e1rios da ag\u00eancia dos Correios da cidade de Aquidab\u00e3, foram presos em um banheiro do estabelecimento enquanto homens roubaram dinheiro e a arma do vigilante do local. Segundo a pol\u00edcia militar, o fato aconteceu por volta das 8h30, mas s\u00f3 foi denunciado \u00e0s 11h. Em seguida, policais foram at\u00e9 a [&hellip;]<\/p>\n","protected":false},"author":1,"featured_media":65556,"comment_status":"closed","ping_status":"closed","sticky":false,"template":"","format":"standard","meta":{"footnotes":""},"categories":[7],"tags":[],"class_list":{"0":"post-77481","1":"post","2":"type-post","3":"status-publish","4":"format-standard","5":"has-post-thumbnail","7":"category-policia"},"_links":{"self":[{"href":"https:\/\/senoticias.com.br\/se\/wp-json\/wp\/v2\/posts\/77481"}],"collection":[{"href":"https:\/\/senoticias.com.br\/se\/wp-json\/wp\/v2\/posts"}],"about":[{"href":"https:\/\/senoticias.com.br\/se\/wp-json\/wp\/v2\/types\/post"}],"author":[{"embeddable":true,"href":"https:\/\/senoticias.com.br\/se\/wp-json\/wp\/v2\/users\/1"}],"replies":[{"embeddable":true,"href":"https:\/\/senoticias.com.br\/se\/wp-json\/wp\/v2\/comments?post=77481"}],"version-history":[{"count":0,"href":"https:\/\/senoticias.com.br\/se\/wp-json\/wp\/v2\/posts\/77481\/revisions"}],"wp:featuredmedia":[{"embeddable":true,"href":"https:\/\/senoticias.com.br\/se\/wp-json\/wp\/v2\/media\/65556"}],"wp:attachment":[{"href":"https:\/\/senoticias.com.br\/se\/wp-json\/wp\/v2\/media?parent=77481"}],"wp:term":[{"taxonomy":"category","embeddable":true,"href":"https:\/\/senoticias.com.br\/se\/wp-json\/wp\/v2\/categories?post=77481"},{"taxonomy":"post_tag","embeddable":true,"href":"https:\/\/senoticias.com.br\/se\/wp-json\/wp\/v2\/tags?post=77481"}],"curies":[{"name":"wp","href":"https:\/\/api.w.org\/{rel}","templated":true}]}}