{"id":77475,"date":"2015-03-19T12:26:31","date_gmt":"2015-03-19T15:26:31","guid":{"rendered":"http:\/\/senoticias.com.br\/se\/?p=77475"},"modified":"2015-03-19T12:26:31","modified_gmt":"2015-03-19T15:26:31","slug":"morre-aos-92-anos-o-medico-obstetra-hugo-bezerra-gurgel","status":"publish","type":"post","link":"https:\/\/senoticias.com.br\/se\/morre-aos-92-anos-o-medico-obstetra-hugo-bezerra-gurgel\/","title":{"rendered":"Morre aos 92 anos o m\u00e9dico obstetra Hugo Bezerra Gurgel"},"content":{"rendered":"<div id=\"attachment_77476\" style=\"width: 310px\" class=\"wp-caption alignright\"><a href=\"http:\/\/senoticias.com.br\/se\/wp-content\/uploads\/2015\/03\/grande-hugo-gurgel-ft-santa-helena19032015.jpg\"><img loading=\"lazy\" decoding=\"async\" aria-describedby=\"caption-attachment-77476\" class=\"size-medium wp-image-77476\" alt=\"(Foto: Santa Helena) \" src=\"http:\/\/senoticias.com.br\/se\/wp-content\/uploads\/2015\/03\/grande-hugo-gurgel-ft-santa-helena19032015-300x199.jpg\" width=\"300\" height=\"199\" srcset=\"https:\/\/senoticias.com.br\/se\/wp-content\/uploads\/2015\/03\/grande-hugo-gurgel-ft-santa-helena19032015-300x199.jpg 300w, https:\/\/senoticias.com.br\/se\/wp-content\/uploads\/2015\/03\/grande-hugo-gurgel-ft-santa-helena19032015-342x227.jpg 342w, https:\/\/senoticias.com.br\/se\/wp-content\/uploads\/2015\/03\/grande-hugo-gurgel-ft-santa-helena19032015.jpg 1000w\" sizes=\"(max-width: 300px) 100vw, 300px\" \/><\/a><p id=\"caption-attachment-77476\" class=\"wp-caption-text\">(Foto: Santa Helena)<\/p><\/div>\n<p style=\"text-align: justify;\">O m\u00e9dico Hugo Bezerra Gurgel, de 92 anos, morreu por volta das 4h desta quinta-feira (19). O obstetra natural da cidade de Lavras da Mangabeira, no Cear\u00e1, se destacou na \u00e1rea em Sergipe onde fundou a Cl\u00ednica e Maternidade Santa Helena. Ele era irm\u00e3o do m\u00e9dico pediatra Hyder Gurgel que faleceu aos 87 anos h\u00e1 nove dias.<\/p>\n<p style=\"text-align: justify;\">\u201cEle morreu em decorr\u00eancia de causas naturais. A sa\u00fade do meu tio j\u00e1 estava fragilizada, pois ele estava acamado h\u00e1 dez anos e sofria de Alzheimer\u201d, afirma o sobrinho Ricardo Gurgel.<\/p>\n<p style=\"text-align: justify;\">O vel\u00f3rio ser\u00e1 na Colina da Saudade que fica na Rua Hort\u00eancia Carvalho Sobral, 33, no bairro Jabutiana, em Aracaju. O sepultamento ser\u00e1 no mesmo local \u00e0s 16h desta quinta-feira (19).<\/p>\n<p style=\"text-align: justify;\">Hugo Gurgel foi o primeiro m\u00e9dico obstetra a se dedicar exclusivamente a \u00e1rea em Sergipe. Ele fez parte da funda\u00e7\u00e3o da faculdade de Medicina no estado, foi fundador e presidente duas vezes da Sociedade M\u00e9dica de Sergipe, presidente do Clube dos M\u00e9dicos e o primeiro presidente do Conselho Regional de Medicina. O obstetra deixa esposa, quatro filhos, 11 netos e tr\u00eas bisnetos.<\/p>\n<p style=\"text-align: justify;\"><em>Com informa\u00e7\u00f5es do G1, em Sergipe<\/em><\/p>\n<p style=\"text-align: justify;\"><strong>Acompanhe o SE Not\u00edcias no <a href=\"https:\/\/twitter.com\/Senoticias\" target=\"_blank\">Twitter <\/a>e no <a href=\"https:\/\/www.facebook.com\/\" target=\"_blank\">Facebook<\/a><\/strong><\/p>\n","protected":false},"excerpt":{"rendered":"<p>O m\u00e9dico Hugo Bezerra Gurgel, de 92 anos, morreu por volta das 4h desta quinta-feira (19). O obstetra natural da cidade de Lavras da Mangabeira, no Cear\u00e1, se destacou na \u00e1rea em Sergipe onde fundou a Cl\u00ednica e Maternidade Santa Helena. Ele era irm\u00e3o do m\u00e9dico pediatra Hyder Gurgel que faleceu aos 87 anos h\u00e1 [&hellip;]<\/p>\n","protected":false},"author":1,"featured_media":77476,"comment_status":"closed","ping_status":"closed","sticky":false,"template":"","format":"standard","meta":{"footnotes":""},"categories":[1],"tags":[],"class_list":{"0":"post-77475","1":"post","2":"type-post","3":"status-publish","4":"format-standard","5":"has-post-thumbnail","7":"category-sem-categoria"},"_links":{"self":[{"href":"https:\/\/senoticias.com.br\/se\/wp-json\/wp\/v2\/posts\/77475"}],"collection":[{"href":"https:\/\/senoticias.com.br\/se\/wp-json\/wp\/v2\/posts"}],"about":[{"href":"https:\/\/senoticias.com.br\/se\/wp-json\/wp\/v2\/types\/post"}],"author":[{"embeddable":true,"href":"https:\/\/senoticias.com.br\/se\/wp-json\/wp\/v2\/users\/1"}],"replies":[{"embeddable":true,"href":"https:\/\/senoticias.com.br\/se\/wp-json\/wp\/v2\/comments?post=77475"}],"version-history":[{"count":0,"href":"https:\/\/senoticias.com.br\/se\/wp-json\/wp\/v2\/posts\/77475\/revisions"}],"wp:featuredmedia":[{"embeddable":true,"href":"https:\/\/senoticias.com.br\/se\/wp-json\/wp\/v2\/media\/77476"}],"wp:attachment":[{"href":"https:\/\/senoticias.com.br\/se\/wp-json\/wp\/v2\/media?parent=77475"}],"wp:term":[{"taxonomy":"category","embeddable":true,"href":"https:\/\/senoticias.com.br\/se\/wp-json\/wp\/v2\/categories?post=77475"},{"taxonomy":"post_tag","embeddable":true,"href":"https:\/\/senoticias.com.br\/se\/wp-json\/wp\/v2\/tags?post=77475"}],"curies":[{"name":"wp","href":"https:\/\/api.w.org\/{rel}","templated":true}]}}