{"id":77469,"date":"2015-03-19T10:44:17","date_gmt":"2015-03-19T13:44:17","guid":{"rendered":"http:\/\/senoticias.com.br\/se\/?p=77469"},"modified":"2015-03-20T14:09:45","modified_gmt":"2015-03-20T17:09:45","slug":"dois-sergipanos-morrem-em-acidente-no-parana","status":"publish","type":"post","link":"https:\/\/senoticias.com.br\/se\/dois-sergipanos-morrem-em-acidente-no-parana\/","title":{"rendered":"Dois sergipanos morrem em acidente no Paran\u00e1"},"content":{"rendered":"<p style=\"text-align: justify;\">Dois jovens naturais de Nossa Senhora Aparecida (SE) morreram no Hospital da Provid\u00eancia (PR), ap\u00f3s sofrerem acidente quando retornavam de uma festa de anivers\u00e1rio na madrugada de domingo (15) no cruzamento da Rua Ponta Grossa com a Rua Professor Jo\u00e3o C\u00e2ndido Ferreira, em Apucarana, Paran\u00e1.<\/p>\n<div id=\"attachment_77470\" style=\"width: 608px\" class=\"wp-caption aligncenter\"><a href=\"http:\/\/senoticias.com.br\/se\/wp-content\/uploads\/2015\/03\/jovens_morrem_itnet_10.jpg\"><img loading=\"lazy\" decoding=\"async\" aria-describedby=\"caption-attachment-77470\" class=\"size-full wp-image-77470\" alt=\" Valdir Santos e Tiago de Lima. (Foto: Itnet\" src=\"http:\/\/senoticias.com.br\/se\/wp-content\/uploads\/2015\/03\/jovens_morrem_itnet_10.jpg\" width=\"598\" height=\"476\" srcset=\"https:\/\/senoticias.com.br\/se\/wp-content\/uploads\/2015\/03\/jovens_morrem_itnet_10.jpg 598w, https:\/\/senoticias.com.br\/se\/wp-content\/uploads\/2015\/03\/jovens_morrem_itnet_10-300x238.jpg 300w, https:\/\/senoticias.com.br\/se\/wp-content\/uploads\/2015\/03\/jovens_morrem_itnet_10-342x272.jpg 342w\" sizes=\"(max-width: 598px) 100vw, 598px\" \/><\/a><p id=\"caption-attachment-77470\" class=\"wp-caption-text\"><br \/>Valdir Santos e Tiago de Lima. (Foto: Itnet<\/p><\/div>\n<p style=\"text-align: justify;\">O acidente envolveu um ve\u00edculo usado como t\u00e1xi, dirigido por Luan Carlos da Silva, de 30 anos, e o VW Gol placa ARX-3195, de Apucarana, conduzido por Valdir Santos de Oliveira. Cinco pessoas ficaram feridas.<\/p>\n<p style=\"text-align: justify;\">Valdir Santos de Oliveira, conhecido por Valdir Barril, de 27 anos, que conduzia um dos ve\u00edculos envolvidos na colis\u00e3o, faleceu no domingo (15). Ele foi sepultado na tarde de segunda-feira, no Cemit\u00e9rio da Saudade, no Paran\u00e1, mas era natural do Povoado Curralinho em Aparecida.<\/p>\n<p style=\"text-align: justify;\">Na manh\u00e3 dessa ter\u00e7a-feira (18) Tiago de Lima Nunes, de 24 anos, n\u00e3o resistiu e morreu tamb\u00e9m no hospital. O corpo ser\u00e1 trasladado para o Estado de Sergipe, onde residem um grande n\u00famero de seus familiares. Familiares do Povoado Lages esperam que o corpo chegue at\u00e9 esta sexta-feira (19).<\/p>\n<p style=\"text-align: justify;\">Ainda no mesmo ve\u00edculo que estavam os dois jovens ficaram feridas as ocupantes Ana Paula Almeida Oliveira, de 19 anos (ferimentos graves, mas sem risco \u00e0 vida) e Daiana Regina dos Santos S\u00e1, 28 ainda se recuperam das les\u00f5es. Familiares de Daiana, que ficou vi\u00fava de Valdir e est\u00e1 gr\u00e1vida, relataram que ela foi submetida a cirurgia e passa bem, sem correr risco de ter a gesta\u00e7\u00e3o interrompida.<\/p>\n<p style=\"text-align: justify;\">De acordo com Alessandro Lima, neto do propriet\u00e1rio do t\u00e1xi, o condutor do VW Gol cruzou a rua quando o sem\u00e1foro estava em pisca-alerta no amarelo durante a madrugada. Ele relatou ainda que familiares do motorista confirmaram que ele n\u00e3o tinha Carteira Nacional de Habilita\u00e7\u00e3o (CNH).<\/p>\n<p><strong>Acompanhe o SE Not\u00edcias no <a href=\"  https:\/\/twitter.com\/Senoticias\" target=\"_blank\">Twitter<\/a> e no <a href=\" https:\/\/www.facebook.com\/PortalSENoticias\" target=\"_blank\">Facebook<\/a><\/strong><\/p>\n<p>&nbsp;<\/p>\n<p>&nbsp;<\/p>\n<p><em>Por Aparecido Santana, reda\u00e7\u00e3o Itnet, com infoma\u00e7\u00f5es do TN Online<\/em><\/p>\n","protected":false},"excerpt":{"rendered":"<p>Dois jovens naturais de Nossa Senhora Aparecida (SE) morreram no Hospital da Provid\u00eancia (PR), ap\u00f3s sofrerem acidente quando retornavam de uma festa de anivers\u00e1rio na madrugada de domingo (15) no cruzamento da Rua Ponta Grossa com a Rua Professor Jo\u00e3o C\u00e2ndido Ferreira, em Apucarana, Paran\u00e1. O acidente envolveu um ve\u00edculo usado como t\u00e1xi, dirigido por [&hellip;]<\/p>\n","protected":false},"author":1,"featured_media":77470,"comment_status":"closed","ping_status":"closed","sticky":false,"template":"","format":"standard","meta":{"footnotes":""},"categories":[310],"tags":[],"class_list":{"0":"post-77469","1":"post","2":"type-post","3":"status-publish","4":"format-standard","5":"has-post-thumbnail","7":"category-destaques-da-semana"},"_links":{"self":[{"href":"https:\/\/senoticias.com.br\/se\/wp-json\/wp\/v2\/posts\/77469"}],"collection":[{"href":"https:\/\/senoticias.com.br\/se\/wp-json\/wp\/v2\/posts"}],"about":[{"href":"https:\/\/senoticias.com.br\/se\/wp-json\/wp\/v2\/types\/post"}],"author":[{"embeddable":true,"href":"https:\/\/senoticias.com.br\/se\/wp-json\/wp\/v2\/users\/1"}],"replies":[{"embeddable":true,"href":"https:\/\/senoticias.com.br\/se\/wp-json\/wp\/v2\/comments?post=77469"}],"version-history":[{"count":0,"href":"https:\/\/senoticias.com.br\/se\/wp-json\/wp\/v2\/posts\/77469\/revisions"}],"wp:featuredmedia":[{"embeddable":true,"href":"https:\/\/senoticias.com.br\/se\/wp-json\/wp\/v2\/media\/77470"}],"wp:attachment":[{"href":"https:\/\/senoticias.com.br\/se\/wp-json\/wp\/v2\/media?parent=77469"}],"wp:term":[{"taxonomy":"category","embeddable":true,"href":"https:\/\/senoticias.com.br\/se\/wp-json\/wp\/v2\/categories?post=77469"},{"taxonomy":"post_tag","embeddable":true,"href":"https:\/\/senoticias.com.br\/se\/wp-json\/wp\/v2\/tags?post=77469"}],"curies":[{"name":"wp","href":"https:\/\/api.w.org\/{rel}","templated":true}]}}