{"id":77467,"date":"2015-03-19T10:16:59","date_gmt":"2015-03-19T13:16:59","guid":{"rendered":"http:\/\/senoticias.com.br\/se\/?p=77467"},"modified":"2015-03-19T10:16:59","modified_gmt":"2015-03-19T13:16:59","slug":"carro-roubado-e-localizado-enterrado-no-17-de-marco","status":"publish","type":"post","link":"https:\/\/senoticias.com.br\/se\/carro-roubado-e-localizado-enterrado-no-17-de-marco\/","title":{"rendered":"Carro roubado \u00e9 localizado enterrado no 17 de mar\u00e7o"},"content":{"rendered":"<p style=\"text-align: justify;\">Policiais militares do Batalh\u00e3o de Radiopatrulha efetuaram nessa quarta-feira, 18, a recupera\u00e7\u00e3o de um ve\u00edculo roubado que estava enterrado na Invas\u00e3o das Mangabeiras, bairro 17 de mar\u00e7o, zona sul da Capital.<\/p>\n<p style=\"text-align: justify;\">\n<div id=\"attachment_77468\" style=\"width: 582px\" class=\"wp-caption aligncenter\"><a href=\"http:\/\/senoticias.com.br\/se\/wp-content\/uploads\/2015\/03\/b3b2782e-c3bb-2d8e.jpg\"><img loading=\"lazy\" decoding=\"async\" aria-describedby=\"caption-attachment-77468\" class=\"size-full wp-image-77468\" alt=\"Ve\u00edculo siena, cor preta, placa IAI-1357. (Foto: PM\/SE)\" src=\"http:\/\/senoticias.com.br\/se\/wp-content\/uploads\/2015\/03\/b3b2782e-c3bb-2d8e.jpg\" width=\"572\" height=\"347\" srcset=\"https:\/\/senoticias.com.br\/se\/wp-content\/uploads\/2015\/03\/b3b2782e-c3bb-2d8e.jpg 572w, https:\/\/senoticias.com.br\/se\/wp-content\/uploads\/2015\/03\/b3b2782e-c3bb-2d8e-300x181.jpg 300w, https:\/\/senoticias.com.br\/se\/wp-content\/uploads\/2015\/03\/b3b2782e-c3bb-2d8e-342x207.jpg 342w\" sizes=\"(max-width: 572px) 100vw, 572px\" \/><\/a><p id=\"caption-attachment-77468\" class=\"wp-caption-text\">Ve\u00edculo siena, cor preta, placa IAI-1357. (Foto: PM\/SE)<\/p><\/div>\n<p style=\"text-align: justify;\">A a\u00e7\u00e3o ocorreu quando a equipe realizava o policiamento ostensivo na regi\u00e3o, quando foi informada por um popular sobre um ve\u00edculo roubado e que estava enterrado na invas\u00e3o.<\/p>\n<p style=\"text-align: justify;\">Imediatamente, os policiais empreenderam dilig\u00eancias e com a ajuda de uma retroescavadeira fizeram a retirada do carro.\u00a0Depois de desenterrado, o ve\u00edculo siena, cor preta, placa IAI-1357, foi constatado que o ve\u00edculo havia sido roubado no dia 30 de janeiro, no munic\u00edpio de S\u00e3o Crist\u00f3v\u00e3o. O caso foi levado \u00e0 Delegacia de Roubos e Furtos de Ve\u00edculos (DRFV).<\/p>\n<p><strong>Acompanhe o SE Not\u00edcias no Twitter e no Facebook<\/strong><\/p>\n<p>&nbsp;<\/p>\n<p><em>Ascom\/SSP\/SE<\/em><\/p>\n","protected":false},"excerpt":{"rendered":"<p>Policiais militares do Batalh\u00e3o de Radiopatrulha efetuaram nessa quarta-feira, 18, a recupera\u00e7\u00e3o de um ve\u00edculo roubado que estava enterrado na Invas\u00e3o das Mangabeiras, bairro 17 de mar\u00e7o, zona sul da Capital. A a\u00e7\u00e3o ocorreu quando a equipe realizava o policiamento ostensivo na regi\u00e3o, quando foi informada por um popular sobre um ve\u00edculo roubado e que [&hellip;]<\/p>\n","protected":false},"author":1,"featured_media":77468,"comment_status":"closed","ping_status":"closed","sticky":false,"template":"","format":"standard","meta":{"footnotes":""},"categories":[7],"tags":[],"class_list":{"0":"post-77467","1":"post","2":"type-post","3":"status-publish","4":"format-standard","5":"has-post-thumbnail","7":"category-policia"},"_links":{"self":[{"href":"https:\/\/senoticias.com.br\/se\/wp-json\/wp\/v2\/posts\/77467"}],"collection":[{"href":"https:\/\/senoticias.com.br\/se\/wp-json\/wp\/v2\/posts"}],"about":[{"href":"https:\/\/senoticias.com.br\/se\/wp-json\/wp\/v2\/types\/post"}],"author":[{"embeddable":true,"href":"https:\/\/senoticias.com.br\/se\/wp-json\/wp\/v2\/users\/1"}],"replies":[{"embeddable":true,"href":"https:\/\/senoticias.com.br\/se\/wp-json\/wp\/v2\/comments?post=77467"}],"version-history":[{"count":0,"href":"https:\/\/senoticias.com.br\/se\/wp-json\/wp\/v2\/posts\/77467\/revisions"}],"wp:featuredmedia":[{"embeddable":true,"href":"https:\/\/senoticias.com.br\/se\/wp-json\/wp\/v2\/media\/77468"}],"wp:attachment":[{"href":"https:\/\/senoticias.com.br\/se\/wp-json\/wp\/v2\/media?parent=77467"}],"wp:term":[{"taxonomy":"category","embeddable":true,"href":"https:\/\/senoticias.com.br\/se\/wp-json\/wp\/v2\/categories?post=77467"},{"taxonomy":"post_tag","embeddable":true,"href":"https:\/\/senoticias.com.br\/se\/wp-json\/wp\/v2\/tags?post=77467"}],"curies":[{"name":"wp","href":"https:\/\/api.w.org\/{rel}","templated":true}]}}