{"id":77464,"date":"2015-03-19T07:41:11","date_gmt":"2015-03-19T10:41:11","guid":{"rendered":"http:\/\/senoticias.com.br\/se\/?p=77464"},"modified":"2015-03-19T10:00:48","modified_gmt":"2015-03-19T13:00:48","slug":"cid-gomes-se-demite-de-ministerio-apos-discutir-com-deputados","status":"publish","type":"post","link":"https:\/\/senoticias.com.br\/se\/cid-gomes-se-demite-de-ministerio-apos-discutir-com-deputados\/","title":{"rendered":"Cid Gomes se demite de minist\u00e9rio ap\u00f3s discutir com deputados"},"content":{"rendered":"<p style=\"text-align: justify;\"><em>Do G1, em Bras\u00edlia<\/em><\/p>\n<p style=\"text-align: justify;\">Decreto assinado pela presidente Dilma Rousseff e publicado nesta quinta-feira (19) no &#8220;Di\u00e1rio Oficial da Uni\u00e3o&#8221; oficializou a exonera\u00e7\u00e3o, a pedido de Cid Gomes, do comando do Minist\u00e9rio da Educa\u00e7\u00e3o. O ex-governador do Cear\u00e1\u00a0pediu demiss\u00e3o nesta quarta (18)\u00a0ap\u00f3s discutir\u00a0com deputados no plen\u00e1rio da C\u00e2mara.<\/p>\n<div id=\"attachment_77465\" style=\"width: 584px\" class=\"wp-caption aligncenter\"><a href=\"http:\/\/senoticias.com.br\/se\/wp-content\/uploads\/2015\/03\/alx_brasil-ministro-educacao-cid-gomes-20150318-001_original.jpeg\"><img loading=\"lazy\" decoding=\"async\" aria-describedby=\"caption-attachment-77465\" class=\"size-full wp-image-77465\" alt=\"Ministro da Educa\u00e7\u00e3o Cid Gomes discursa na tribuna da C\u00e2mara - 18\/03\/2015(Gustavo Lima\/C\u00e2mara dos Deputados)\" src=\"http:\/\/senoticias.com.br\/se\/wp-content\/uploads\/2015\/03\/alx_brasil-ministro-educacao-cid-gomes-20150318-001_original.jpeg\" width=\"574\" height=\"446\" srcset=\"https:\/\/senoticias.com.br\/se\/wp-content\/uploads\/2015\/03\/alx_brasil-ministro-educacao-cid-gomes-20150318-001_original.jpeg 574w, https:\/\/senoticias.com.br\/se\/wp-content\/uploads\/2015\/03\/alx_brasil-ministro-educacao-cid-gomes-20150318-001_original-300x233.jpeg 300w, https:\/\/senoticias.com.br\/se\/wp-content\/uploads\/2015\/03\/alx_brasil-ministro-educacao-cid-gomes-20150318-001_original-342x265.jpeg 342w\" sizes=\"(max-width: 574px) 100vw, 574px\" \/><\/a><p id=\"caption-attachment-77465\" class=\"wp-caption-text\">Ministro da Educa\u00e7\u00e3o Cid Gomes discursa na tribuna da C\u00e2mara &#8211; 18\/03\/2015(Gustavo Lima\/C\u00e2mara dos Deputados)<\/p><\/div>\n<p style=\"text-align: justify;\">&#8220;A presidenta da Rep\u00fablica, no uso da atribui\u00e7\u00e3o que lhe confere o art. 84, caput, inciso I, da Constitui\u00e7\u00e3o, resolve EXONERAR, a pedido, Cid Ferreira Gomes do cargo de ministro de Estado da Educa\u00e7\u00e3o&#8221;, diz o decreto publicado no DOU.<\/p>\n<p style=\"text-align: justify;\">Depois de abandonar o plen\u00e1rio em meio \u00e0 sess\u00e3o, Cid Gomes foi ao Pal\u00e1cio do Planalto e pediu demiss\u00e3o \u00e0 presidente Dilma Rousseff, que aceitou imediatamente.<\/p>\n<p style=\"text-align: justify;\">O pedido ocorreu logo depois de o ministro participar na C\u00e2mara dos Deputados de sess\u00e3o em que declarou que deputados\u00a0\u201coportunistas\u201d\u00a0devem sair do governo.<\/p>\n<p style=\"text-align: justify;\">&#8220;A minha declara\u00e7\u00e3o na C\u00e2mara, \u00e9 \u00f3bvio que cria dificuldades para a base do governo. Portanto, eu n\u00e3o quis criar nenhum constrangimento. Pedi demiss\u00e3o em car\u00e1ter irrevog\u00e1vel&#8221;, declarou o ministro.<\/p>\n<p style=\"text-align: justify;\">O Pal\u00e1cio do Planalto informou ap\u00f3s a demiss\u00e3o de Cid Gomes que o secret\u00e1rio-executivo da pasta, Luiz Cl\u00e1udio Costa, comandar\u00e1 o Minist\u00e9rio da Educa\u00e7\u00e3o interinamente. Costa j\u00e1 foi presidente do Instituto Nacional de Estudos e Pesquisas Educacionais (Inep) e foi secret\u00e1rio-executivo do MEC em 2014, quando a pasta era chefiada por Henrique Paim.<\/p>\n<p style=\"text-align: justify;\">Do plen\u00e1rio, o presidente da C\u00e2mara, Eduardo Cunha, chegou a anunciar a demiss\u00e3o antes mesmo de ter sido oficializada. &#8220;Comunico \u00e0 Casa o comunicado que recebi do chefe da Casa Civil [ministro Aloizio Mercadante] comunicando a demiss\u00e3o do ministro da Educa\u00e7\u00e3o, Cid Gomes&#8221;, anunciou Cunha no plen\u00e1rio.<\/p>\n<p style=\"text-align: justify;\">Depois, a Presid\u00eancia da Rep\u00fablica divulgou nota oficial com o seguinte teor: &#8220;O ministro da Educa\u00e7\u00e3o, Cid Gomes, entregou nesta quarta-feira, 18 de mar\u00e7o, seu pedido de demiss\u00e3o \u00e0 presidenta Dilma Rousseff. Ela agradeceu a dedica\u00e7\u00e3o dele \u00e0 frente da pasta.&#8221;<\/p>\n<p style=\"text-align: justify;\">No Pal\u00e1cio do Planalto, ap\u00f3s ter pedido demiss\u00e3o, Cid Gomes falou em defesa da presidente Dilma Rousseff, que ele disse considerar ter \u201cas qualidades necess\u00e1rias\u201d para governar o pa\u00eds.<\/p>\n<p style=\"text-align: justify;\">Na garagem privativa do pal\u00e1cio, ele classificou a presidente como uma pessoa \u201cs\u00e9ria\u201d e avaliou que o combate \u00e0 corrup\u00e7\u00e3o adotado pelo governo \u201cfragilizou\u201d a rela\u00e7\u00e3o dela com boa parte dos partidos.<\/p>\n<p style=\"text-align: justify;\">\u201cO que a Dilma est\u00e1 fazendo \u00e9 limpar o governo do que est\u00e1 acontecendo de corrup\u00e7\u00e3o. Essa crise de corrup\u00e7\u00e3o \u00e9 uma crise anterior a ela. Ela est\u00e1 limpando e n\u00e3o esta permitindo isso. Ela est\u00e1 mudando isso. E isso, \u00f3bvio, cria desconforto\u201d, afirmou. \u201cVoc\u00eas viram quantos deputados do PP recebiam mensalidade de um diretor da Petrobras? Isso \u00e9 que era a base do poder e ela [Dilma] est\u00e1 mudando isso\u201d, disse Cid Gomes, ao citar a lista de pol\u00edticos investigados pelo Supremo Tribunal Federal por suspeita de envolvido com o esquema de corrup\u00e7\u00e3o revelado pela Opera\u00e7\u00e3o Lava Jato.<\/p>\n<p style=\"text-align: justify;\">O agora ex-ministro da Educa\u00e7\u00e3o completou ao dizer que o Congresso Nacional virou o \u201cantipoder\u201d e aposta no \u201cquanto pior, melhor\u201d, frase repetida diversas vezes pela presidente Dilma ao falar \u201cdos que pregam a instabilidade institucional\u201d no pa\u00eds.<\/p>\n<p style=\"text-align: justify;\">\u201cEu considero o Legislativo fundamental para a democracia. O que \u00e9 lament\u00e1vel \u00e9 a sua composi\u00e7\u00e3o, a forma do parlamento se relacionar com o poder. Virou o antipoder. Ou tomam parte do poder ou apostam no quanto pior, melhor para assumir o poder\u201d, completou.<\/p>\n<p style=\"text-align: justify;\">O ministro tamb\u00e9m disse &#8220;lamentar&#8221; pela educa\u00e7\u00e3o por deixar o cargo neste momento. \u201cLamento muito. Agrade\u00e7o, mas estou aqui entregando o cargo de ministro. [&#8230;] Estou feliz. Lamento pela educa\u00e7\u00e3o do Brasil, porque tem muito o que fazer e eu estava entusiasmado. Mas, enfim, a conjuntura pol\u00edtica impede a minha presen\u00e7a\u201d, disse.<\/p>\n<p style=\"text-align: justify;\"><strong>PMDB<\/strong><br \/>\nO l\u00edder do PMDB, Leonardo Picciani (RJ), afirmou que, se Dilma n\u00e3o demitisse Cid, passaria uma mensagem de que \u201cconcorda\u201d com a declara\u00e7\u00e3o do ministro de que \u201cmuitos\u201d deputados da base t\u00eam \u201cpostura de oportunismo\u201d.<\/p>\n<p style=\"text-align: justify;\">\u201cA presidente Dilma \u00e9 uma pessoa com forma\u00e7\u00e3o democr\u00e1tica. N\u00e3o esper\u00e1vamos outra atitude que n\u00e3o fosse essa. A posi\u00e7\u00e3o correta era fazer. N\u00e3o tomar essa atitude seria uma mensagem muito ruim, de que o governo concorda com essa atitude\u201d, disse.<\/p>\n<p style=\"text-align: justify;\">Pouco antes de anunciar a demiss\u00e3o do ministro, o presidente da C\u00e2mara, Eduardo Cunha, colocou em vota\u00e7\u00e3o um projeto que estende a pol\u00edtica de valoriza\u00e7\u00e3o do sal\u00e1rio m\u00ednimo aos aposentados, proposta que contraria fortemente o governo.<\/p>\n<p style=\"text-align: justify;\">Depois do telefonema de Mercadante a Cunha, o PMDB anunciou acordo com o governo para adiar a vota\u00e7\u00e3o. \u201cVamos deixar que o governo negocie uma proposta para os aposentados\u201d, disse Picciani.<\/p>\n<p style=\"text-align: justify;\"><strong>A sess\u00e3o<\/strong><br \/>\nCid Gomes\u00a0deixou o plen\u00e1rio\u00a0da C\u00e2mara depois de ter sido criticado por mais de uma hora pelas lideran\u00e7as partid\u00e1rias. A ofensiva dos deputados ocorreu depois de o ministro afirmar que deputados da base aliada que t\u00eam cargos na administra\u00e7\u00e3o federal deveriam &#8220;largar o osso&#8221;.<\/p>\n<p style=\"text-align: justify;\">Cid Gomes foi convocado pelos deputados devido a uma declara\u00e7\u00e3o de que a C\u00e2mara tem &#8220;uns 400 deputados, 300 deputados&#8221; que &#8220;achacam&#8221;, dada durante um evento do qual participou no \u00faltimo dia 27 na Universidade Federal do Par\u00e1.<\/p>\n<p style=\"text-align: justify;\">O ministro iniciou a fala dizendo que &#8220;respeita&#8221; o Congresso e admitindo que deu a declara\u00e7\u00e3o. Ele tentou justificar a fala afirmando que era uma posi\u00e7\u00e3o &#8220;pessoal&#8221; e n\u00e3o como ministro de Estado, quando come\u00e7ou a receber cr\u00edticas de parlamentares presentes.<\/p>\n<p style=\"text-align: justify;\">Diante das manifesta\u00e7\u00f5es em plen\u00e1rio, Cid subiu o tom e chegou a apontar o dedo ao presidente da C\u00e2mara, Eduardo Cunha (PMDB-RJ), dizendo que prefere ser acusado pelo peemedebista de ser &#8220;mal educado&#8221;, a ser acusado de &#8220;achacar&#8221; empresas, no esquema de corrup\u00e7\u00e3o da Petrobras.<\/p>\n<p style=\"text-align: justify;\">\u201cEu fui acusado de ser mal educado. O ministro da Educa\u00e7\u00e3o \u00e9 mal educado. Eu prefiro ser acusado por ele [Eduardo Cunha] do que ser como ele, acusado de achaque\u201d, afirmou Cid Gomes.<\/p>\n<p style=\"text-align: justify;\">Ele disse ainda que &#8220;muitos&#8221; parlamentares que integram a base de sustenta\u00e7\u00e3o do governo agem com &#8220;oportunismo&#8221;.<\/p>\n<p style=\"text-align: justify;\">As declara\u00e7\u00f5es geraram fortes ataques dos parlamentares em plen\u00e1rio. Lideran\u00e7as da base aliada e da oposi\u00e7\u00e3o pediram a demiss\u00e3o do ministro. Em meio \u00e0s cr\u00edticas,\u00a0ele deixou o plen\u00e1rio\u00a0e foi indagado por jornalistas se pediria demiss\u00e3o, conforme os apelos feitos pelos deputados.<\/p>\n<p style=\"text-align: justify;\">O ministro respondeu que, se fosse pedir demiss\u00e3o, n\u00e3o anteciparia o fato \u00e0 imprensa. \u201cA presidenta resolver\u00e1 o que vai fazer. O lugar \u00e9 dela, sempre foi dela. E eu aceitei, para servir, porque acredito nela. Se eu fosse pedir demiss\u00e3o, eu n\u00e3o teria, por dever de \u00e9tica, antecipar\u201d, afirmou.<\/p>\n<p style=\"text-align: justify;\">O ministro explicou ainda que deixou o plen\u00e1rio antes do t\u00e9rmino das falas dos l\u00edderes partid\u00e1rios porque se sentiu \u201cagredido\u201d. \u201cEu fui convocado, n\u00e3o estava no meu desejo. J\u00e1 tinha vindo aqui na C\u00e2mara duas ou tr\u00eas vezes para conversar com os deputados. Comecei a minha vida no parlamento e respeito o parlamento. Agora, infelizmente fui convocado e agredido. Nessa condi\u00e7\u00e3o penso eu que estou liberado\u201d, declarou.<\/p>\n<p style=\"text-align: justify;\">Cid Gomes deixou a C\u00e2mara dirigindo o pr\u00f3prio carro e com um sorriso no rosto, enquanto apoiadores que vieram do Cear\u00e1 para acompanhar o pronunciamento dele gritavam palavras de apoio.<\/p>\n<p style=\"text-align: justify;\">Depois que Cid Gomes deixou o plen\u00e1rio, o presidente da C\u00e2mara,\u00a0Eduardo Cunha, anunciou que mover\u00e1 a\u00e7\u00f5es\u00a0jjudiciais contra o ministro. &#8220;N\u00e3o vou admitir que algu\u00e9m que seja representante do Poder Executivo, n\u00e3o s\u00f3 agrida esta Casa, como agrediu todos os parlamentares, como venha aqui e reafirme a agress\u00e3o, inclusive chegando ao ponto de querer dominar. Ent\u00e3o, a procuradoria vai processar, a presid\u00eancia vai processar e, se algu\u00e9m n\u00e3o se sentiu ofendido, tem todo direito de n\u00e3o querer fazer nada e at\u00e9 aplaudir\u201d, declarou Eduardo Cunha.<\/p>\n<p><strong>Acompanhe o SE Not\u00edcias no <a href=\"  https:\/\/twitter.com\/Senoticias\" target=\"_blank\">Twitter<\/a> e no<a href=\" https:\/\/www.facebook.com\/PortalSENoticias\" target=\"_blank\"> Facebook<\/a><\/strong><\/p>\n","protected":false},"excerpt":{"rendered":"<p>Do G1, em Bras\u00edlia Decreto assinado pela presidente Dilma Rousseff e publicado nesta quinta-feira (19) no &#8220;Di\u00e1rio Oficial da Uni\u00e3o&#8221; oficializou a exonera\u00e7\u00e3o, a pedido de Cid Gomes, do comando do Minist\u00e9rio da Educa\u00e7\u00e3o. O ex-governador do Cear\u00e1\u00a0pediu demiss\u00e3o nesta quarta (18)\u00a0ap\u00f3s discutir\u00a0com deputados no plen\u00e1rio da C\u00e2mara. &#8220;A presidenta da Rep\u00fablica, no uso da [&hellip;]<\/p>\n","protected":false},"author":1,"featured_media":77465,"comment_status":"closed","ping_status":"closed","sticky":false,"template":"","format":"standard","meta":{"footnotes":""},"categories":[6],"tags":[],"class_list":{"0":"post-77464","1":"post","2":"type-post","3":"status-publish","4":"format-standard","5":"has-post-thumbnail","7":"category-politica"},"_links":{"self":[{"href":"https:\/\/senoticias.com.br\/se\/wp-json\/wp\/v2\/posts\/77464"}],"collection":[{"href":"https:\/\/senoticias.com.br\/se\/wp-json\/wp\/v2\/posts"}],"about":[{"href":"https:\/\/senoticias.com.br\/se\/wp-json\/wp\/v2\/types\/post"}],"author":[{"embeddable":true,"href":"https:\/\/senoticias.com.br\/se\/wp-json\/wp\/v2\/users\/1"}],"replies":[{"embeddable":true,"href":"https:\/\/senoticias.com.br\/se\/wp-json\/wp\/v2\/comments?post=77464"}],"version-history":[{"count":0,"href":"https:\/\/senoticias.com.br\/se\/wp-json\/wp\/v2\/posts\/77464\/revisions"}],"wp:featuredmedia":[{"embeddable":true,"href":"https:\/\/senoticias.com.br\/se\/wp-json\/wp\/v2\/media\/77465"}],"wp:attachment":[{"href":"https:\/\/senoticias.com.br\/se\/wp-json\/wp\/v2\/media?parent=77464"}],"wp:term":[{"taxonomy":"category","embeddable":true,"href":"https:\/\/senoticias.com.br\/se\/wp-json\/wp\/v2\/categories?post=77464"},{"taxonomy":"post_tag","embeddable":true,"href":"https:\/\/senoticias.com.br\/se\/wp-json\/wp\/v2\/tags?post=77464"}],"curies":[{"name":"wp","href":"https:\/\/api.w.org\/{rel}","templated":true}]}}