{"id":77461,"date":"2015-03-19T09:29:06","date_gmt":"2015-03-19T12:29:06","guid":{"rendered":"http:\/\/senoticias.com.br\/se\/?p=77461"},"modified":"2015-03-20T14:02:07","modified_gmt":"2015-03-20T17:02:07","slug":"seed-divulga-resultado-do-processo-seletivo-do-pre-universitario-2","status":"publish","type":"post","link":"https:\/\/senoticias.com.br\/se\/seed-divulga-resultado-do-processo-seletivo-do-pre-universitario-2\/","title":{"rendered":"Seed divulga resultado do processo seletivo do Pr\u00e9-Universit\u00e1rio"},"content":{"rendered":"<p style=\"text-align: justify;\">A Secretaria de Estado da Educa\u00e7\u00e3o (Seed), atrav\u00e9s do Departamento de Apoio ao Sistema Educacional (DASE), divulgou nesta tarde de quarta-feira, 18, a lista de aprovados do Processo Seletivo do Pr\u00e9-Universit\u00e1rio.<\/p>\n<div id=\"attachment_77463\" style=\"width: 595px\" class=\"wp-caption aligncenter\"><a href=\"http:\/\/senoticias.com.br\/se\/wp-content\/uploads\/2015\/03\/Fotos-Eug\u00eanio-Barreto-0.jpg\"><img loading=\"lazy\" decoding=\"async\" aria-describedby=\"caption-attachment-77463\" class=\"size-full wp-image-77463\" alt=\"Governo divulga resultado do processo seletivo do Pr\u00e9-Universit\u00e1rio. (Eug\u00eanio Barreto\/Seed)\" src=\"http:\/\/senoticias.com.br\/se\/wp-content\/uploads\/2015\/03\/Fotos-Eug\u00eanio-Barreto-0.jpg\" width=\"585\" height=\"290\" srcset=\"https:\/\/senoticias.com.br\/se\/wp-content\/uploads\/2015\/03\/Fotos-Eug\u00eanio-Barreto-0.jpg 585w, https:\/\/senoticias.com.br\/se\/wp-content\/uploads\/2015\/03\/Fotos-Eug\u00eanio-Barreto-0-300x148.jpg 300w, https:\/\/senoticias.com.br\/se\/wp-content\/uploads\/2015\/03\/Fotos-Eug\u00eanio-Barreto-0-342x169.jpg 342w\" sizes=\"(max-width: 585px) 100vw, 585px\" \/><\/a><p id=\"caption-attachment-77463\" class=\"wp-caption-text\">Governo divulga resultado do processo seletivo do Pr\u00e9-Universit\u00e1rio. (Eug\u00eanio Barreto\/Seed)<\/p><\/div>\n<p style=\"text-align: justify;\">A prova de sele\u00e7\u00e3o foi realizada no dia 8 de mar\u00e7o, quando 6.300 candidatos disputaram as 4.800 vagas ofertadas. Ao todo, as vagas est\u00e3o distribu\u00eddas em 36 polos em todo o estado de Sergipe. As aulas est\u00e3o previstas para come\u00e7arem no dia 30 de mar\u00e7o.<\/p>\n<p>&nbsp;<\/p>\n<p style=\"text-align: justify;\">Segundo a diretora do DASE, Zelita Brito, &#8220;a credibilidade do Pr\u00e9-Universit\u00e1rio \u00e9 grande, pois a cada ano que passa aumenta o n\u00famero de alunos que nos procuram para participar do curso&#8221;.<\/p>\n<p>&nbsp;<\/p>\n<p>O resultado pode ser acessado atrav\u00e9s do link:\u00a0<a href=\"http:\/\/www.seed.se.gov.br\/portais\/preuni\/\" target=\"_blank\">http:\/\/www.seed.se.gov.br\/<wbr \/>portais\/preuni\/<\/a><\/p>\n<div>\n<div id=\":v4\" tabindex=\"0\" role=\"button\" data-tooltip=\"Mostrar conte\u00fado cortado\"><img decoding=\"async\" alt=\"\" src=\"https:\/\/ssl.gstatic.com\/ui\/v1\/icons\/mail\/images\/cleardot.gif\" \/><\/div>\n<\/div>\n","protected":false},"excerpt":{"rendered":"<p>A Secretaria de Estado da Educa\u00e7\u00e3o (Seed), atrav\u00e9s do Departamento de Apoio ao Sistema Educacional (DASE), divulgou nesta tarde de quarta-feira, 18, a lista de aprovados do Processo Seletivo do Pr\u00e9-Universit\u00e1rio. A prova de sele\u00e7\u00e3o foi realizada no dia 8 de mar\u00e7o, quando 6.300 candidatos disputaram as 4.800 vagas ofertadas. Ao todo, as vagas est\u00e3o [&hellip;]<\/p>\n","protected":false},"author":1,"featured_media":77463,"comment_status":"closed","ping_status":"closed","sticky":false,"template":"","format":"standard","meta":{"footnotes":""},"categories":[26,6],"tags":[],"class_list":{"0":"post-77461","1":"post","2":"type-post","3":"status-publish","4":"format-standard","5":"has-post-thumbnail","7":"category-esportes","8":"category-politica"},"_links":{"self":[{"href":"https:\/\/senoticias.com.br\/se\/wp-json\/wp\/v2\/posts\/77461"}],"collection":[{"href":"https:\/\/senoticias.com.br\/se\/wp-json\/wp\/v2\/posts"}],"about":[{"href":"https:\/\/senoticias.com.br\/se\/wp-json\/wp\/v2\/types\/post"}],"author":[{"embeddable":true,"href":"https:\/\/senoticias.com.br\/se\/wp-json\/wp\/v2\/users\/1"}],"replies":[{"embeddable":true,"href":"https:\/\/senoticias.com.br\/se\/wp-json\/wp\/v2\/comments?post=77461"}],"version-history":[{"count":0,"href":"https:\/\/senoticias.com.br\/se\/wp-json\/wp\/v2\/posts\/77461\/revisions"}],"wp:featuredmedia":[{"embeddable":true,"href":"https:\/\/senoticias.com.br\/se\/wp-json\/wp\/v2\/media\/77463"}],"wp:attachment":[{"href":"https:\/\/senoticias.com.br\/se\/wp-json\/wp\/v2\/media?parent=77461"}],"wp:term":[{"taxonomy":"category","embeddable":true,"href":"https:\/\/senoticias.com.br\/se\/wp-json\/wp\/v2\/categories?post=77461"},{"taxonomy":"post_tag","embeddable":true,"href":"https:\/\/senoticias.com.br\/se\/wp-json\/wp\/v2\/tags?post=77461"}],"curies":[{"name":"wp","href":"https:\/\/api.w.org\/{rel}","templated":true}]}}