{"id":77454,"date":"2015-03-18T22:32:22","date_gmt":"2015-03-19T01:32:22","guid":{"rendered":"http:\/\/senoticias.com.br\/se\/?p=77454"},"modified":"2015-03-19T19:36:12","modified_gmt":"2015-03-19T22:36:12","slug":"policia-flagra-homicida-com-arma-de-fogo-em-salgado","status":"publish","type":"post","link":"https:\/\/senoticias.com.br\/se\/policia-flagra-homicida-com-arma-de-fogo-em-salgado\/","title":{"rendered":"Pol\u00edcia flagra homicida com arma de fogo em Salgado"},"content":{"rendered":"<p style=\"text-align: justify;\">Policiais civis do munic\u00edpio de Salgado, prenderam na manh\u00e3 desta quarta-feira, 18, \u00cdtalo Lima Santos, 21 anos, vulgo \u201cTod\u00e3o\u201d, na Rodovia Lourival Batista, acusado pelo crime de porte ilegal de arma de fogo.<\/p>\n<div id=\"attachment_77455\" style=\"width: 592px\" class=\"wp-caption aligncenter\"><a href=\"http:\/\/senoticias.com.br\/se\/wp-content\/uploads\/2015\/03\/Salgado.jpeg\"><img loading=\"lazy\" decoding=\"async\" aria-describedby=\"caption-attachment-77455\" class=\"size-full wp-image-77455\" alt=\"Policiais de Salgado flagraram \u201cTod\u00e3o\u201d com arma de fogo. (Foto: SSP\/SE)\" src=\"http:\/\/senoticias.com.br\/se\/wp-content\/uploads\/2015\/03\/Salgado.jpeg\" width=\"582\" height=\"380\" srcset=\"https:\/\/senoticias.com.br\/se\/wp-content\/uploads\/2015\/03\/Salgado.jpeg 582w, https:\/\/senoticias.com.br\/se\/wp-content\/uploads\/2015\/03\/Salgado-300x195.jpeg 300w, https:\/\/senoticias.com.br\/se\/wp-content\/uploads\/2015\/03\/Salgado-342x223.jpeg 342w\" sizes=\"(max-width: 582px) 100vw, 582px\" \/><\/a><p id=\"caption-attachment-77455\" class=\"wp-caption-text\">Policiais de Salgado flagaram \u201cTod\u00e3o\u201d com arma de fogo. (Foto: SSP\/SE)<\/p><\/div>\n<p style=\"text-align: justify;\">O acusado \u00e9 um\u00a0traficante\u00a0muito\u00a0conhecido\u00a0no munic\u00edpio e os policiais chegaram at\u00e9\u00a0ele\u00a0atrav\u00e9s de uma den\u00fancia an\u00f4nima, informando que \u00cdtalo estava fugindo para Aracaju. Com ele foi apreendido um rev\u00f3lver 38 com numera\u00e7\u00e3o raspada e seis muni\u00e7\u00f5es do mesmo calibre.<\/p>\n<p style=\"text-align: justify;\">\u00cdtalo j\u00e1\u00a0responde\u00a0inqu\u00e9rito pelo crime de homic\u00eddio e encontra-se preso \u00e0 disposi\u00e7\u00e3o da Justi\u00e7a.<\/p>\n<p><strong>\u00a0Siga o SE Not\u00edcias pelo <a href=\"https:\/\/twitter.com\/Senoticias\" target=\"_blank\">Twitter<\/a> e curta no <a href=\" https:\/\/www.facebook.com\/PortalSENoticias\" target=\"_blank\">Facebook<\/a><\/strong><\/p>\n<p><em>Mat\u00e9ria postada originalmente no Site da SSP\/SE<\/em><\/p>\n","protected":false},"excerpt":{"rendered":"<p>Policiais civis do munic\u00edpio de Salgado, prenderam na manh\u00e3 desta quarta-feira, 18, \u00cdtalo Lima Santos, 21 anos, vulgo \u201cTod\u00e3o\u201d, na Rodovia Lourival Batista, acusado pelo crime de porte ilegal de arma de fogo. O acusado \u00e9 um\u00a0traficante\u00a0muito\u00a0conhecido\u00a0no munic\u00edpio e os policiais chegaram at\u00e9\u00a0ele\u00a0atrav\u00e9s de uma den\u00fancia an\u00f4nima, informando que \u00cdtalo estava fugindo para Aracaju. Com [&hellip;]<\/p>\n","protected":false},"author":1,"featured_media":77455,"comment_status":"closed","ping_status":"closed","sticky":false,"template":"","format":"standard","meta":{"footnotes":""},"categories":[15,7],"tags":[],"class_list":{"0":"post-77454","1":"post","2":"type-post","3":"status-publish","4":"format-standard","5":"has-post-thumbnail","7":"category-destaques","8":"category-policia"},"_links":{"self":[{"href":"https:\/\/senoticias.com.br\/se\/wp-json\/wp\/v2\/posts\/77454"}],"collection":[{"href":"https:\/\/senoticias.com.br\/se\/wp-json\/wp\/v2\/posts"}],"about":[{"href":"https:\/\/senoticias.com.br\/se\/wp-json\/wp\/v2\/types\/post"}],"author":[{"embeddable":true,"href":"https:\/\/senoticias.com.br\/se\/wp-json\/wp\/v2\/users\/1"}],"replies":[{"embeddable":true,"href":"https:\/\/senoticias.com.br\/se\/wp-json\/wp\/v2\/comments?post=77454"}],"version-history":[{"count":0,"href":"https:\/\/senoticias.com.br\/se\/wp-json\/wp\/v2\/posts\/77454\/revisions"}],"wp:featuredmedia":[{"embeddable":true,"href":"https:\/\/senoticias.com.br\/se\/wp-json\/wp\/v2\/media\/77455"}],"wp:attachment":[{"href":"https:\/\/senoticias.com.br\/se\/wp-json\/wp\/v2\/media?parent=77454"}],"wp:term":[{"taxonomy":"category","embeddable":true,"href":"https:\/\/senoticias.com.br\/se\/wp-json\/wp\/v2\/categories?post=77454"},{"taxonomy":"post_tag","embeddable":true,"href":"https:\/\/senoticias.com.br\/se\/wp-json\/wp\/v2\/tags?post=77454"}],"curies":[{"name":"wp","href":"https:\/\/api.w.org\/{rel}","templated":true}]}}