{"id":77452,"date":"2015-03-18T17:49:38","date_gmt":"2015-03-18T20:49:38","guid":{"rendered":"http:\/\/senoticias.com.br\/se\/?p=77452"},"modified":"2015-03-18T22:23:14","modified_gmt":"2015-03-19T01:23:14","slug":"atraves-de-acao-do-mpfse-justica-condena-anvisa-a-regularizar-produtos","status":"publish","type":"post","link":"https:\/\/senoticias.com.br\/se\/atraves-de-acao-do-mpfse-justica-condena-anvisa-a-regularizar-produtos\/","title":{"rendered":"Atrav\u00e9s de a\u00e7\u00e3o do MPF\/SE, Justi\u00e7a condena Anvisa a regularizar produtos"},"content":{"rendered":"<p style=\"text-align: justify;\">\n<div id=\"attachment_53420\" style=\"width: 310px\" class=\"wp-caption alignright\"><a href=\"http:\/\/senoticias.com.br\/se\/wp-content\/uploads\/2013\/10\/mpf-se.jpg\"><img loading=\"lazy\" decoding=\"async\" aria-describedby=\"caption-attachment-53420\" class=\"size-medium wp-image-53420\" alt=\"Sede do MPF\/SE. (Foto: Divulga\u00e7\u00e3o\/Net) \" src=\"http:\/\/senoticias.com.br\/se\/wp-content\/uploads\/2013\/10\/mpf-se-300x200.jpg\" width=\"300\" height=\"200\" \/><\/a><p id=\"caption-attachment-53420\" class=\"wp-caption-text\">Sede do MPF\/SE. (Foto: Divulga\u00e7\u00e3o\/Net)<\/p><\/div>\n<p style=\"text-align: justify;\"><span style=\"font-family: Verdana, sans-serif;\"><span><span style=\"font-family: Verdana;\">A pedido do Minist\u00e9rio P\u00fablico Federal em Sergipe (MPF\/SE), a Justi\u00e7a Federal condenou a Ag\u00eancia Nacional de Vigil\u00e2ncia Sanit\u00e1ria (Anvisa) a adotar medidas para que os produtos fiscalizados pelo \u00f3rg\u00e3o identifiquem no r\u00f3tulo todos os componentes que podem causar <\/span><span style=\"font-family: Verdana;\">rea\u00e7\u00f5es al\u00e9rgicas. As determina\u00e7\u00f5es t\u00eam 90 dias para serem cumpridas <\/span><span style=\"font-family: Verdana;\">e valem para alimentos, medicamentos e produtos de uso pessoal.<\/span><\/span><\/span><\/p>\n<p style=\"text-align: justify;\"><span style=\"font-family: Verdana, sans-serif;\"><span><span style=\"font-family: Verdana;\">A medida, v\u00e1lida em todo o territ\u00f3rio nacional, <\/span><span style=\"font-family: Verdana;\">exige<\/span><span style=\"font-family: Verdana;\"> a utiliza\u00e7\u00e3o de um texto informativo padr\u00e3o no r\u00f3tulo das embalagens ou nas bulas contendo o nome da subst\u00e2ncia ou derivados que podem causar rea\u00e7\u00f5es e as quantidades do material existente ou ainda a possibilidade de haver algum vest\u00edgio do componente al\u00e9rgico. Tamb\u00e9m <\/span><span style=\"font-family: Verdana;\">deve ser utilizado<\/span><span style=\"font-family: Verdana;\"> um padr\u00e3o visual que facilite a identifica\u00e7\u00e3o pelo consumidor.<\/span><\/span><\/span><\/p>\n<p style=\"text-align: justify;\"><span style=\"font-family: Verdana, sans-serif;\"><span><span style=\"font-family: Verdana;\"><b>Componentes<\/b><\/span><span style=\"font-family: Verdana;\"> \u2013 <\/span><span style=\"font-family: Verdana;\">De acordo com a a\u00e7\u00e3o, devem ser identificados em alimentos cereais contendo gl\u00faten, crust\u00e1ceos, ovos, peixe, amendoim, soja, leite, castanhas, mostarda e gergelin (sementes). Os seguintes medicamentos tamb\u00e9m devem conter as informa\u00e7\u00f5es: analg\u00e9sicos, antit\u00e9rmicos, antiinflamat\u00f3rios n\u00e3o hormonais em geral, antibi\u00f3ticos betalact\u00e2micos (que s\u00e3o os mais consumidos no Brasil), sulfonamidas e relaxantes musculares. J\u00e1 os cosm\u00e9ticos e produtos de uso pessoal devem identificar a presen\u00e7a de componentes alimentares, parafenilenodiamina, quartenuim 15, dowicil 200 e latex.<\/span><\/span><\/span><\/p>\n<p style=\"text-align: justify;\"><span style=\"font-family: Verdana;\"><span>Na senten\u00e7a, o juiz federal Edimilson da Silva Pimenta alega que o Estado tem \u201ca obriga\u00e7\u00e3o de garantir o resguardo dos direitos do sujeito vulner\u00e1vel da rela\u00e7\u00e3o jur\u00eddica de consumo\u201d, evitando assim que o consumidor seja prejudicado em suas rela\u00e7\u00f5es com o mercado.<\/span><\/span><span style=\"font-family: Verdana;\"><span><br \/>\n<\/span><\/span><span style=\"font-family: Verdana;\"><span><b><br \/>\n<\/b><\/span><\/span><span style=\"font-family: Verdana;\"><span><b>Determina\u00e7\u00f5es<\/b><\/span><\/span><strong><span style=\"font-family: Verdana;\"><span> \u2013<\/span><\/span><\/strong><span style=\"font-family: Verdana, sans-serif;\"><span>Al\u00e9m da ado\u00e7\u00e3o de medidas por parte da Anvisa, foi determinado que <\/span><\/span><span style=\"font-family: Verdana, sans-serif;\"><span>os<\/span><\/span><span style=\"font-family: Verdana, sans-serif;\"><span> produtos que n\u00e3o se adequarem \u00e0s mudan\u00e7as devem ter sua comercializa\u00e7\u00e3o proibida. <\/span><\/span><span style=\"font-family: Verdana, sans-serif;\"><span>A ag\u00eancia tamb\u00e9m foi condenada a divulgar amplamente acerca da decis\u00e3o, <\/span><\/span><span style=\"font-family: Verdana, sans-serif;\"><span>no prazo de 90 dias. Em caso de descumprimento, <\/span><\/span><span style=\"font-family: Verdana, sans-serif;\"><span>a<\/span><\/span><span style=\"font-family: Verdana, sans-serif;\"><span> multa di\u00e1ria <\/span><\/span><span style=\"font-family: Verdana, sans-serif;\"><span>\u00e9 <\/span><\/span><span style=\"font-family: Verdana, sans-serif;\"><span>de R$ 5 mil reais.<\/span><\/span><\/p>\n<p style=\"text-align: justify;\"><span style=\"font-family: Verdana, sans-serif;\"><span>A a\u00e7\u00e3o tramita na Justi\u00e7a Federal com o n\u00famero <\/span><\/span><span style=\"font-family: Verdana, sans-serif;\"><span>0000990-69.2013.4.05.8500<\/span><\/span><\/p>\n<p><strong>Siga o SE Not\u00edcias pelo<a href=\"https:\/\/twitter.com\/Senoticias\" target=\"_blank\"> Twitter<\/a> e curta no <a href=\" https:\/\/www.facebook.com\/PortalSENoticias\" target=\"_blank\">Facebook<\/a><\/strong><\/p>\n<p><em><span style=\"font-family: Verdana;\">Assessoria de Comunica\u00e7\u00e3o<br \/>\n<span style=\"font-family: Verdana, sans-serif;\"><span style=\"font-size: small;\">Minist\u00e9rio P\u00fablico Federal em Sergipe<\/span><\/span><\/span><\/em><\/p>\n<p style=\"text-align: justify;\">\n","protected":false},"excerpt":{"rendered":"<p>A pedido do Minist\u00e9rio P\u00fablico Federal em Sergipe (MPF\/SE), a Justi\u00e7a Federal condenou a Ag\u00eancia Nacional de Vigil\u00e2ncia Sanit\u00e1ria (Anvisa) a adotar medidas para que os produtos fiscalizados pelo \u00f3rg\u00e3o identifiquem no r\u00f3tulo todos os componentes que podem causar rea\u00e7\u00f5es al\u00e9rgicas. As determina\u00e7\u00f5es t\u00eam 90 dias para serem cumpridas e valem para alimentos, medicamentos e [&hellip;]<\/p>\n","protected":false},"author":1,"featured_media":53420,"comment_status":"closed","ping_status":"closed","sticky":false,"template":"","format":"standard","meta":{"footnotes":""},"categories":[6],"tags":[],"class_list":{"0":"post-77452","1":"post","2":"type-post","3":"status-publish","4":"format-standard","5":"has-post-thumbnail","7":"category-politica"},"_links":{"self":[{"href":"https:\/\/senoticias.com.br\/se\/wp-json\/wp\/v2\/posts\/77452"}],"collection":[{"href":"https:\/\/senoticias.com.br\/se\/wp-json\/wp\/v2\/posts"}],"about":[{"href":"https:\/\/senoticias.com.br\/se\/wp-json\/wp\/v2\/types\/post"}],"author":[{"embeddable":true,"href":"https:\/\/senoticias.com.br\/se\/wp-json\/wp\/v2\/users\/1"}],"replies":[{"embeddable":true,"href":"https:\/\/senoticias.com.br\/se\/wp-json\/wp\/v2\/comments?post=77452"}],"version-history":[{"count":0,"href":"https:\/\/senoticias.com.br\/se\/wp-json\/wp\/v2\/posts\/77452\/revisions"}],"wp:featuredmedia":[{"embeddable":true,"href":"https:\/\/senoticias.com.br\/se\/wp-json\/wp\/v2\/media\/53420"}],"wp:attachment":[{"href":"https:\/\/senoticias.com.br\/se\/wp-json\/wp\/v2\/media?parent=77452"}],"wp:term":[{"taxonomy":"category","embeddable":true,"href":"https:\/\/senoticias.com.br\/se\/wp-json\/wp\/v2\/categories?post=77452"},{"taxonomy":"post_tag","embeddable":true,"href":"https:\/\/senoticias.com.br\/se\/wp-json\/wp\/v2\/tags?post=77452"}],"curies":[{"name":"wp","href":"https:\/\/api.w.org\/{rel}","templated":true}]}}