{"id":77449,"date":"2015-03-18T15:30:28","date_gmt":"2015-03-18T18:30:28","guid":{"rendered":"http:\/\/senoticias.com.br\/se\/?p=77449"},"modified":"2015-03-18T15:30:28","modified_gmt":"2015-03-18T18:30:28","slug":"fapitec-divulga-edital-de-bolsas-de-iniciacao-cientifica","status":"publish","type":"post","link":"https:\/\/senoticias.com.br\/se\/fapitec-divulga-edital-de-bolsas-de-iniciacao-cientifica\/","title":{"rendered":"Fapitec divulga edital de Bolsas de Inicia\u00e7\u00e3o Cient\u00edfica"},"content":{"rendered":"<div id=\"attachment_77450\" style=\"width: 310px\" class=\"wp-caption alignright\"><a href=\"http:\/\/senoticias.com.br\/se\/wp-content\/uploads\/2015\/03\/grande-PIBIC18032015.jpg\"><img loading=\"lazy\" decoding=\"async\" aria-describedby=\"caption-attachment-77450\" class=\"size-medium wp-image-77450\" alt=\"(Foto: Ascom Fapitec) \" src=\"http:\/\/senoticias.com.br\/se\/wp-content\/uploads\/2015\/03\/grande-PIBIC18032015-300x199.jpg\" width=\"300\" height=\"199\" srcset=\"https:\/\/senoticias.com.br\/se\/wp-content\/uploads\/2015\/03\/grande-PIBIC18032015-300x199.jpg 300w, https:\/\/senoticias.com.br\/se\/wp-content\/uploads\/2015\/03\/grande-PIBIC18032015-342x227.jpg 342w, https:\/\/senoticias.com.br\/se\/wp-content\/uploads\/2015\/03\/grande-PIBIC18032015.jpg 1000w\" sizes=\"(max-width: 300px) 100vw, 300px\" \/><\/a><p id=\"caption-attachment-77450\" class=\"wp-caption-text\">(Foto: Ascom Fapitec)<\/p><\/div>\n<p style=\"text-align: justify;\">Despertar a voca\u00e7\u00e3o cient\u00edfica em estudantes do ensino fundamental e m\u00e9dio \u00e9 um dos objetivos do Programa de Bolsas de Inicia\u00e7\u00e3o Cient\u00edfica J\u00fanior (PIBICjr) desenvolvido pelo Governo do Estado, atrav\u00e9s da Funda\u00e7\u00e3o de Apoio \u00e0 Pesquisa e \u00e0 Inova\u00e7\u00e3o Tecnol\u00f3gica do Estado de Sergipe (Fapitec\/SE). A Fapitec\/SE divulgou mais um edital, em parceria com o Conselho Nacional de Desenvolvimento Cient\u00edfico e Tecnol\u00f3gico (CNPq).<\/p>\n<p style=\"text-align: justify;\">A Funda\u00e7\u00e3o est\u00e1 ofertando inicialmente 146 bolsas destinadas aos estudantes do ensino m\u00e9dio, fundamental e profissionalizante que estejam regularmente matriculados em escolas p\u00fablicas sediadas em Sergipe. O estudante receber\u00e1 uma bolsa no valor de R$ 100 para desenvolver atividades cient\u00edficas com professores da rede p\u00fablica.<\/p>\n<p style=\"text-align: justify;\">O edital PIBICjr tamb\u00e9m tem por objetivo viabilizar o desenvolvimento de projetos de pesquisa e difus\u00e3o cient\u00edfica em institui\u00e7\u00f5es de ensino. Podem ser submetidas propostas em duas linhas: populariza\u00e7\u00e3o e difus\u00e3o cient\u00edfica ou para projetos de pesquisa financiados diretamente pela Fapitec, em execu\u00e7\u00e3o, ou aprovados e financiados por outras institui\u00e7\u00f5es\/ag\u00eancias, a partir de editais estaduais ou nacionais. Para mais informa\u00e7\u00f5es acesse o <a href=\"http:\/\/www.fapitec.se.gov.br\/?q=edital\/edital-fapitecsecnpq-n%C2%BA-012015-bolsa-pibic-jr\" target=\"_blank\"><strong>edital<\/strong><\/a>.<\/p>\n<p style=\"text-align: justify;\"><em>Fonte: Assessoria de Comunica\u00e7\u00e3o<\/em><\/p>\n<p style=\"text-align: justify;\"><strong>Acompanhe o SE Not\u00edcias no <a href=\"https:\/\/twitter.com\/Senoticias\" target=\"_blank\">Twitter <\/a>e no <a href=\"https:\/\/www.facebook.com\/#\/PortalSENoticias?ref=bookmarks\" target=\"_blank\">Facebook<\/a><\/strong><\/p>\n","protected":false},"excerpt":{"rendered":"<p>Despertar a voca\u00e7\u00e3o cient\u00edfica em estudantes do ensino fundamental e m\u00e9dio \u00e9 um dos objetivos do Programa de Bolsas de Inicia\u00e7\u00e3o Cient\u00edfica J\u00fanior (PIBICjr) desenvolvido pelo Governo do Estado, atrav\u00e9s da Funda\u00e7\u00e3o de Apoio \u00e0 Pesquisa e \u00e0 Inova\u00e7\u00e3o Tecnol\u00f3gica do Estado de Sergipe (Fapitec\/SE). A Fapitec\/SE divulgou mais um edital, em parceria com o [&hellip;]<\/p>\n","protected":false},"author":1,"featured_media":77450,"comment_status":"closed","ping_status":"closed","sticky":false,"template":"","format":"standard","meta":{"footnotes":""},"categories":[44],"tags":[],"class_list":{"0":"post-77449","1":"post","2":"type-post","3":"status-publish","4":"format-standard","5":"has-post-thumbnail","7":"category-educacao"},"_links":{"self":[{"href":"https:\/\/senoticias.com.br\/se\/wp-json\/wp\/v2\/posts\/77449"}],"collection":[{"href":"https:\/\/senoticias.com.br\/se\/wp-json\/wp\/v2\/posts"}],"about":[{"href":"https:\/\/senoticias.com.br\/se\/wp-json\/wp\/v2\/types\/post"}],"author":[{"embeddable":true,"href":"https:\/\/senoticias.com.br\/se\/wp-json\/wp\/v2\/users\/1"}],"replies":[{"embeddable":true,"href":"https:\/\/senoticias.com.br\/se\/wp-json\/wp\/v2\/comments?post=77449"}],"version-history":[{"count":0,"href":"https:\/\/senoticias.com.br\/se\/wp-json\/wp\/v2\/posts\/77449\/revisions"}],"wp:featuredmedia":[{"embeddable":true,"href":"https:\/\/senoticias.com.br\/se\/wp-json\/wp\/v2\/media\/77450"}],"wp:attachment":[{"href":"https:\/\/senoticias.com.br\/se\/wp-json\/wp\/v2\/media?parent=77449"}],"wp:term":[{"taxonomy":"category","embeddable":true,"href":"https:\/\/senoticias.com.br\/se\/wp-json\/wp\/v2\/categories?post=77449"},{"taxonomy":"post_tag","embeddable":true,"href":"https:\/\/senoticias.com.br\/se\/wp-json\/wp\/v2\/tags?post=77449"}],"curies":[{"name":"wp","href":"https:\/\/api.w.org\/{rel}","templated":true}]}}