{"id":77440,"date":"2015-03-18T15:06:47","date_gmt":"2015-03-18T18:06:47","guid":{"rendered":"http:\/\/senoticias.com.br\/se\/?p=77440"},"modified":"2015-03-18T15:06:47","modified_gmt":"2015-03-18T18:06:47","slug":"deborah-colker-fara-ensaio-aberto-hoje-em-aracaju","status":"publish","type":"post","link":"https:\/\/senoticias.com.br\/se\/deborah-colker-fara-ensaio-aberto-hoje-em-aracaju\/","title":{"rendered":"Deborah Colker far\u00e1 ensaio aberto hoje em Aracaju"},"content":{"rendered":"<div id=\"attachment_77442\" style=\"width: 310px\" class=\"wp-caption alignright\"><a href=\"http:\/\/senoticias.com.br\/se\/wp-content\/uploads\/2015\/03\/grande-Deborah-Colker-far\u00e1-ensaio-aberto18032015.jpg\"><img loading=\"lazy\" decoding=\"async\" aria-describedby=\"caption-attachment-77442\" class=\"size-medium wp-image-77442\" alt=\"(Foto: Ascom Secult) \" src=\"http:\/\/senoticias.com.br\/se\/wp-content\/uploads\/2015\/03\/grande-Deborah-Colker-far\u00e1-ensaio-aberto18032015-300x199.jpg\" width=\"300\" height=\"199\" srcset=\"https:\/\/senoticias.com.br\/se\/wp-content\/uploads\/2015\/03\/grande-Deborah-Colker-far\u00e1-ensaio-aberto18032015-300x199.jpg 300w, https:\/\/senoticias.com.br\/se\/wp-content\/uploads\/2015\/03\/grande-Deborah-Colker-far\u00e1-ensaio-aberto18032015-342x227.jpg 342w, https:\/\/senoticias.com.br\/se\/wp-content\/uploads\/2015\/03\/grande-Deborah-Colker-far\u00e1-ensaio-aberto18032015.jpg 1000w\" sizes=\"(max-width: 300px) 100vw, 300px\" \/><\/a><p id=\"caption-attachment-77442\" class=\"wp-caption-text\">(Foto: Ascom Secult)<\/p><\/div>\n<p style=\"text-align: justify;\">A Companhia de Dan\u00e7a Deborah Colker vai apresentar o novo espet\u00e1culo BELLE em Aracaju, no Tetaro Tobias Barreto. A montagem \u00e9 inspirada no cl\u00e1ssico Belle de Jour (A Bela da Tarde), livro de Joseph Kessel, que, em 1967, virou filme dirigido por Luis Bu\u00f1uel e estrelado por Catherine Deneuve. No palco, as bailarinas trocam roupas comportadas e sapatilhas por saltos altos e espartilhos transparentes.<\/p>\n<p style=\"text-align: justify;\">A core\u00f3grafa Deborah Colker far\u00e1 um ensaio aberto do espet\u00e1culo nesta quarta-feira,18, a partir das 15h, tamb\u00e9m do Tobias Barreto. A entrada para o ensaio ser\u00e1 limitada apenas para integrantes de companhias de dan\u00e7a de Sergipe. Com isso, a Secult e seus parceiros incentivam os grupos existentes e estimula o surgimento de novos.<\/p>\n<p style=\"text-align: justify;\"><strong>Belle<\/strong><\/p>\n<p style=\"text-align: justify;\">Com muitas piruetas e sensualidade, contam a hist\u00f3ria da jovem, bonita e rica dona de casa, que, para se realizar sexualmente, resolve passar as tardes trabalhando em um bordel. A trilha sonora, assinada por Berna Ceppas, vai de Miles Davis a m\u00fasica eletr\u00f4nica. A apresenta\u00e7\u00e3o ser\u00e1 nos dias 18 de mar\u00e7o, no Teatro Tobias Barreto.<\/p>\n<p style=\"text-align: justify;\"><em>Fonte: Ascom Secult<\/em><\/p>\n<p style=\"text-align: justify;\"><strong>Acompanhe o SE Not\u00edcias no <a href=\"https:\/\/twitter.com\/Senoticias\" target=\"_blank\">Twitter <\/a>e no <a href=\"https:\/\/www.facebook.com\/PortalSENoticias?ref=bookmarks\" target=\"_blank\">Facebook<\/a><\/strong><\/p>\n","protected":false},"excerpt":{"rendered":"<p>A Companhia de Dan\u00e7a Deborah Colker vai apresentar o novo espet\u00e1culo BELLE em Aracaju, no Tetaro Tobias Barreto. A montagem \u00e9 inspirada no cl\u00e1ssico Belle de Jour (A Bela da Tarde), livro de Joseph Kessel, que, em 1967, virou filme dirigido por Luis Bu\u00f1uel e estrelado por Catherine Deneuve. No palco, as bailarinas trocam roupas [&hellip;]<\/p>\n","protected":false},"author":1,"featured_media":77442,"comment_status":"closed","ping_status":"closed","sticky":false,"template":"","format":"standard","meta":{"footnotes":""},"categories":[43],"tags":[],"class_list":{"0":"post-77440","1":"post","2":"type-post","3":"status-publish","4":"format-standard","5":"has-post-thumbnail","7":"category-voce-reporter"},"_links":{"self":[{"href":"https:\/\/senoticias.com.br\/se\/wp-json\/wp\/v2\/posts\/77440"}],"collection":[{"href":"https:\/\/senoticias.com.br\/se\/wp-json\/wp\/v2\/posts"}],"about":[{"href":"https:\/\/senoticias.com.br\/se\/wp-json\/wp\/v2\/types\/post"}],"author":[{"embeddable":true,"href":"https:\/\/senoticias.com.br\/se\/wp-json\/wp\/v2\/users\/1"}],"replies":[{"embeddable":true,"href":"https:\/\/senoticias.com.br\/se\/wp-json\/wp\/v2\/comments?post=77440"}],"version-history":[{"count":0,"href":"https:\/\/senoticias.com.br\/se\/wp-json\/wp\/v2\/posts\/77440\/revisions"}],"wp:featuredmedia":[{"embeddable":true,"href":"https:\/\/senoticias.com.br\/se\/wp-json\/wp\/v2\/media\/77442"}],"wp:attachment":[{"href":"https:\/\/senoticias.com.br\/se\/wp-json\/wp\/v2\/media?parent=77440"}],"wp:term":[{"taxonomy":"category","embeddable":true,"href":"https:\/\/senoticias.com.br\/se\/wp-json\/wp\/v2\/categories?post=77440"},{"taxonomy":"post_tag","embeddable":true,"href":"https:\/\/senoticias.com.br\/se\/wp-json\/wp\/v2\/tags?post=77440"}],"curies":[{"name":"wp","href":"https:\/\/api.w.org\/{rel}","templated":true}]}}