{"id":77437,"date":"2015-03-18T14:59:13","date_gmt":"2015-03-18T17:59:13","guid":{"rendered":"http:\/\/senoticias.com.br\/se\/?p=77437"},"modified":"2015-03-19T09:16:56","modified_gmt":"2015-03-19T12:16:56","slug":"pm-flagra-extracao-ilegal-de-mineral","status":"publish","type":"post","link":"https:\/\/senoticias.com.br\/se\/pm-flagra-extracao-ilegal-de-mineral\/","title":{"rendered":"PM flagra extra\u00e7\u00e3o ilegal de mineral"},"content":{"rendered":"<div id=\"attachment_77438\" style=\"width: 310px\" class=\"wp-caption alignright\"><a href=\"http:\/\/senoticias.com.br\/se\/wp-content\/uploads\/2015\/03\/1_news_69_31bb3e332f5ac6aad53ce0233d401c2f.jpg\"><img loading=\"lazy\" decoding=\"async\" aria-describedby=\"caption-attachment-77438\" class=\"size-medium wp-image-77438\" alt=\"Foto: PM\/SE\" src=\"http:\/\/senoticias.com.br\/se\/wp-content\/uploads\/2015\/03\/1_news_69_31bb3e332f5ac6aad53ce0233d401c2f-300x199.jpg\" width=\"300\" height=\"199\" srcset=\"https:\/\/senoticias.com.br\/se\/wp-content\/uploads\/2015\/03\/1_news_69_31bb3e332f5ac6aad53ce0233d401c2f-300x199.jpg 300w, https:\/\/senoticias.com.br\/se\/wp-content\/uploads\/2015\/03\/1_news_69_31bb3e332f5ac6aad53ce0233d401c2f-342x227.jpg 342w, https:\/\/senoticias.com.br\/se\/wp-content\/uploads\/2015\/03\/1_news_69_31bb3e332f5ac6aad53ce0233d401c2f.jpg 500w\" sizes=\"(max-width: 300px) 100vw, 300px\" \/><\/a><p id=\"caption-attachment-77438\" class=\"wp-caption-text\">Foto: PM\/SE<\/p><\/div>\n<p style=\"text-align: justify;\">A Pol\u00edcia Militar de Sergipe, por meio do Pelot\u00e3o de Pol\u00edcia Ambiental (PPAmb), flagrou dois crimes ambientais praticados no \u00faltimo final de semana, na cidade de Areia Branca.<\/p>\n<p style=\"text-align: justify;\">Neste domingo, 16, a guarni\u00e7\u00e3o Arara 01,patrulhava o povoado Serra Comprida, em Areia Branca, quando percebeu a escava\u00e7\u00e3o de uma \u00e1rea no sop\u00e9 de um morro, o que se configura como pr\u00e1tica ilegal, de acordo com o o C\u00f3digo Florestal. No local, a guarni\u00e7\u00e3o abordou um senhor de 50 anos, propriet\u00e1rio da \u00e1rea e respons\u00e1vel pela escava\u00e7\u00e3o. O homem informou que o local seria usado pra atividade de piscicultura.<\/p>\n<p style=\"text-align: justify;\">Questionado sobre a licen\u00e7a ambiental expedida pela Administra\u00e7\u00e3o Estadual do Meio Ambiente (Adema), o homem alegou que desconhecia a necessidade de autoriza\u00e7\u00e3o. No local, foram encontradas algumas irregularidades nocivas ao meio ambiente, como a supress\u00e3o da vegeta\u00e7\u00e3o e o desvio do curso natural do riacho.<\/p>\n<p style=\"text-align: justify;\">Ainda no povoado e no mesmo instante, a guarni\u00e7\u00e3o Arara 02 flagrou um senhor de 49 anos numa outra propriedade, promovendo escava\u00e7\u00e3o de uma \u00e1rea para a cria\u00e7\u00e3o de peixes sem licenciamento ambiental. \u201cComo essas pr\u00e1ticas s\u00e3o atividades potencialmente poluidoras, com o agravante de se localizarem em \u00e1reas de prote\u00e7\u00e3o permanente, os dois homens foram conduzidos \u00e0 Delegacia Regional de Itabaiana, onde v\u00e3o responder por crime ambiental previsto no artigo 60 da Lei de Crimes Ambientais\u201d, destacou o sargento Daniel.<\/p>\n<p style=\"text-align: justify;\">A a\u00e7\u00e3o foi fruto das fiscaliza\u00e7\u00f5es de combate \u00e0s infra\u00e7\u00f5es ao meio ambiente na cidade, atendendo \u00e0 requisi\u00e7\u00e3o do Minist\u00e9rio P\u00fablico local.<\/p>\n<p style=\"text-align: justify;\"><em>Fonte: PM\/SE<\/em><\/p>\n<p style=\"text-align: justify;\"><strong>Acompanhe o SE Not\u00edcias no <a href=\"https:\/\/twitter.com\/Senoticias\" target=\"_blank\">Twitter <\/a>e no <a href=\"https:\/\/www.facebook.com\/PortalSENoticias\" target=\"_blank\">Facebook<\/a><\/strong><\/p>\n","protected":false},"excerpt":{"rendered":"<p>A Pol\u00edcia Militar de Sergipe, por meio do Pelot\u00e3o de Pol\u00edcia Ambiental (PPAmb), flagrou dois crimes ambientais praticados no \u00faltimo final de semana, na cidade de Areia Branca. Neste domingo, 16, a guarni\u00e7\u00e3o Arara 01,patrulhava o povoado Serra Comprida, em Areia Branca, quando percebeu a escava\u00e7\u00e3o de uma \u00e1rea no sop\u00e9 de um morro, o [&hellip;]<\/p>\n","protected":false},"author":1,"featured_media":77438,"comment_status":"closed","ping_status":"closed","sticky":false,"template":"","format":"standard","meta":{"footnotes":""},"categories":[7],"tags":[],"class_list":{"0":"post-77437","1":"post","2":"type-post","3":"status-publish","4":"format-standard","5":"has-post-thumbnail","7":"category-policia"},"_links":{"self":[{"href":"https:\/\/senoticias.com.br\/se\/wp-json\/wp\/v2\/posts\/77437"}],"collection":[{"href":"https:\/\/senoticias.com.br\/se\/wp-json\/wp\/v2\/posts"}],"about":[{"href":"https:\/\/senoticias.com.br\/se\/wp-json\/wp\/v2\/types\/post"}],"author":[{"embeddable":true,"href":"https:\/\/senoticias.com.br\/se\/wp-json\/wp\/v2\/users\/1"}],"replies":[{"embeddable":true,"href":"https:\/\/senoticias.com.br\/se\/wp-json\/wp\/v2\/comments?post=77437"}],"version-history":[{"count":0,"href":"https:\/\/senoticias.com.br\/se\/wp-json\/wp\/v2\/posts\/77437\/revisions"}],"wp:featuredmedia":[{"embeddable":true,"href":"https:\/\/senoticias.com.br\/se\/wp-json\/wp\/v2\/media\/77438"}],"wp:attachment":[{"href":"https:\/\/senoticias.com.br\/se\/wp-json\/wp\/v2\/media?parent=77437"}],"wp:term":[{"taxonomy":"category","embeddable":true,"href":"https:\/\/senoticias.com.br\/se\/wp-json\/wp\/v2\/categories?post=77437"},{"taxonomy":"post_tag","embeddable":true,"href":"https:\/\/senoticias.com.br\/se\/wp-json\/wp\/v2\/tags?post=77437"}],"curies":[{"name":"wp","href":"https:\/\/api.w.org\/{rel}","templated":true}]}}