{"id":77435,"date":"2015-03-18T15:00:13","date_gmt":"2015-03-18T18:00:13","guid":{"rendered":"http:\/\/senoticias.com.br\/se\/?p=77435"},"modified":"2015-03-18T15:02:56","modified_gmt":"2015-03-18T18:02:56","slug":"conselho-nacional-de-peritos-oferece-curso-em-aracaju","status":"publish","type":"post","link":"https:\/\/senoticias.com.br\/se\/conselho-nacional-de-peritos-oferece-curso-em-aracaju\/","title":{"rendered":"Conselho Nacional de Peritos oferece curso em Aracaju"},"content":{"rendered":"<p style=\"text-align: justify;\">O Conselho Nacional dos Peritos Judiciais da Rep\u00fablica Federativa do\u00a0Brasil, o Conpej, est\u00e1 com inscri\u00e7\u00f5es abertas para o curso de\u00a0\u2018Per\u00edcia Judicial com \u00eanfase em laudo\u2019, nos dias 21 e 22 de\u00a0mar\u00e7o. As aulas ser\u00e3o ministradas pelo Professor Nilton Campos\u00a0Filho, Advogado, Diretor Jur\u00eddico do Conselho, Perito Grafot\u00e9cnico e\u00a0em Falsidade Documental, P\u00f3s Graduado em Direito Civil e Direito\u00a0Processual Civil, diplomado em Ci\u00eancias Pol\u00edticas e Estrat\u00e9gia pela\u00a0ADESG\/ESG. O curso, que tem dura\u00e7\u00e3o de dois dias, acontece no Celi\u00a0Hotel, na Avenida Oce\u00e2nica, em Atalaia.<\/p>\n<p><strong>Servi\u00e7o<\/strong>:\u00a0Celi Hotel Aracaju \u2013 Avenida Oce\u00e2nica, 500 \u2013 Atalaia \/ Aracaju \/SE &#8211; Cep: 49035-005<br \/>\nTelefone: (79) 2107 \u2013 8000 \/ (79) 2107 &#8211; 8001\u00a0\u2013 e-mail: contato@celihotel.com.br<br \/>\nJos\u00e9 Raimundo ou Diana &#8211; Telefones: (71) 3019 &#8211; 2014 \/ (71) 3035 &#8211;\u00a05420 \/ (71) 8613 &#8211; 3807 \/ (71) 9323 &#8211; 9483 \/ (79) 9626 &#8211; 7760 \u2013\u00a0e-mail: joseraymundo@conpej.org.br &#8211; dianamiranda@conpej.org.br \/\u00a0conpejba@conpej.org.br<\/p>\n<p><strong>Siga o SE Not\u00edcias pelo <a href=\"https:\/\/twitter.com\/Senot\" target=\"_blank\">Twitter<\/a> e curta no <a href=\" https:\/\/www.facebook.com\/PortalSENoticias\" target=\"_blank\">Facebook<\/a><\/strong><\/p>\n<p><em><strong>Fonte: Assessoria de Comunica\u00e7\u00e3o<\/strong><\/em><\/p>\n","protected":false},"excerpt":{"rendered":"<p>O Conselho Nacional dos Peritos Judiciais da Rep\u00fablica Federativa do\u00a0Brasil, o Conpej, est\u00e1 com inscri\u00e7\u00f5es abertas para o curso de\u00a0\u2018Per\u00edcia Judicial com \u00eanfase em laudo\u2019, nos dias 21 e 22 de\u00a0mar\u00e7o. As aulas ser\u00e3o ministradas pelo Professor Nilton Campos\u00a0Filho, Advogado, Diretor Jur\u00eddico do Conselho, Perito Grafot\u00e9cnico e\u00a0em Falsidade Documental, P\u00f3s Graduado em Direito Civil e [&hellip;]<\/p>\n","protected":false},"author":1,"featured_media":0,"comment_status":"closed","ping_status":"closed","sticky":false,"template":"","format":"standard","meta":{"footnotes":""},"categories":[1],"tags":[],"class_list":{"0":"post-77435","1":"post","2":"type-post","3":"status-publish","4":"format-standard","6":"category-sem-categoria"},"_links":{"self":[{"href":"https:\/\/senoticias.com.br\/se\/wp-json\/wp\/v2\/posts\/77435"}],"collection":[{"href":"https:\/\/senoticias.com.br\/se\/wp-json\/wp\/v2\/posts"}],"about":[{"href":"https:\/\/senoticias.com.br\/se\/wp-json\/wp\/v2\/types\/post"}],"author":[{"embeddable":true,"href":"https:\/\/senoticias.com.br\/se\/wp-json\/wp\/v2\/users\/1"}],"replies":[{"embeddable":true,"href":"https:\/\/senoticias.com.br\/se\/wp-json\/wp\/v2\/comments?post=77435"}],"version-history":[{"count":0,"href":"https:\/\/senoticias.com.br\/se\/wp-json\/wp\/v2\/posts\/77435\/revisions"}],"wp:attachment":[{"href":"https:\/\/senoticias.com.br\/se\/wp-json\/wp\/v2\/media?parent=77435"}],"wp:term":[{"taxonomy":"category","embeddable":true,"href":"https:\/\/senoticias.com.br\/se\/wp-json\/wp\/v2\/categories?post=77435"},{"taxonomy":"post_tag","embeddable":true,"href":"https:\/\/senoticias.com.br\/se\/wp-json\/wp\/v2\/tags?post=77435"}],"curies":[{"name":"wp","href":"https:\/\/api.w.org\/{rel}","templated":true}]}}