{"id":77433,"date":"2015-03-18T14:53:11","date_gmt":"2015-03-18T17:53:11","guid":{"rendered":"http:\/\/senoticias.com.br\/se\/?p=77433"},"modified":"2015-03-18T14:53:57","modified_gmt":"2015-03-18T17:53:57","slug":"familia-pede-ajuda-para-encontrar-jovem-que-esta-desaparecida","status":"publish","type":"post","link":"https:\/\/senoticias.com.br\/se\/familia-pede-ajuda-para-encontrar-jovem-que-esta-desaparecida\/","title":{"rendered":"Fam\u00edlia pede ajuda para encontrar jovem que est\u00e1 desaparecida"},"content":{"rendered":"<p style=\"text-align: justify;\">Parentes da estudante Yandra Rick Barros Santos de 16 anos est\u00e3o \u00e0 procura da garota que est\u00e1 desaparecida desde a segunda-feira (9).<\/p>\n<div id=\"attachment_77434\" style=\"width: 568px\" class=\"wp-caption aligncenter\"><a href=\"http:\/\/senoticias.com.br\/se\/wp-content\/uploads\/2015\/03\/foto2.jpg\"><img loading=\"lazy\" decoding=\"async\" aria-describedby=\"caption-attachment-77434\" class=\" wp-image-77434 \" alt=\"Estudante est\u00e1 desaparecida desde o dia 9 de mar\u00e7o (Foto: Arquivo Pessoal\/Fam\u00edlia) \" src=\"http:\/\/senoticias.com.br\/se\/wp-content\/uploads\/2015\/03\/foto2.jpg\" width=\"558\" height=\"419\" srcset=\"https:\/\/senoticias.com.br\/se\/wp-content\/uploads\/2015\/03\/foto2.jpg 620w, https:\/\/senoticias.com.br\/se\/wp-content\/uploads\/2015\/03\/foto2-300x225.jpg 300w, https:\/\/senoticias.com.br\/se\/wp-content\/uploads\/2015\/03\/foto2-342x256.jpg 342w, https:\/\/senoticias.com.br\/se\/wp-content\/uploads\/2015\/03\/foto2-60x45.jpg 60w, https:\/\/senoticias.com.br\/se\/wp-content\/uploads\/2015\/03\/foto2-150x113.jpg 150w, https:\/\/senoticias.com.br\/se\/wp-content\/uploads\/2015\/03\/foto2-269x201.jpg 269w\" sizes=\"(max-width: 558px) 100vw, 558px\" \/><\/a><p id=\"caption-attachment-77434\" class=\"wp-caption-text\">Estudante est\u00e1 desaparecida desde o dia 9 de mar\u00e7o (Foto: Arquivo Pessoal\/Fam\u00edlia)<\/p><\/div>\n<p style=\"text-align: justify;\">Segundo o pai de Yandra, Alex Rick, ela foi vista pela \u00faltima vez pr\u00f3xima ao Col\u00e9gio Agr\u00edcola do munic\u00edpio de S\u00e3o Crist\u00f3v\u00e3o, na Grande Aracaju.<\/p>\n<p style=\"text-align: justify;\">Ainda segundo o pai, ele tamb\u00e9m soube que a filha entrou em um carro de cor prata que tinha um homem dirigindo e uma mulher no carona.<\/p>\n<p style=\"text-align: justify;\">De acordo com Alex, o Boletim de Ocorr\u00eancia foi registrado na Delegacia Especial de Prote\u00e7\u00e3o \u00e0 Crian\u00e7a e ao Adolescente (DPCA), em Aracaju.<\/p>\n<p style=\"text-align: justify;\">Al\u00e9m de registrada o desaparecimento na pol\u00edcia ele est\u00e1 pedindo ajuda nas redes sociais para que a filha seja localizada.<\/p>\n<p style=\"text-align: justify;\">Quem tiver informa\u00e7\u00f5es sobre o paradeiro da menina, pode entrar em contato atrav\u00e9s dos telefones: (79) 9933-2261 \/ 8871-0720 \/ 9941-9718.<\/p>\n<p style=\"text-align: justify;\"><em>Com informa\u00e7\u00f5es do G1, em Sergipe<\/em><\/p>\n<p style=\"text-align: justify;\"><strong>Acompanhe o SE Not\u00edcias no <a href=\"https:\/\/twitter.com\/Senoticias\" target=\"_blank\">Twitter <\/a>e no <a href=\"https:\/\/www.facebook.com\/PortalSENoticias\" target=\"_blank\">Facebook<\/a><\/strong><\/p>\n","protected":false},"excerpt":{"rendered":"<p>Parentes da estudante Yandra Rick Barros Santos de 16 anos est\u00e3o \u00e0 procura da garota que est\u00e1 desaparecida desde a segunda-feira (9). Segundo o pai de Yandra, Alex Rick, ela foi vista pela \u00faltima vez pr\u00f3xima ao Col\u00e9gio Agr\u00edcola do munic\u00edpio de S\u00e3o Crist\u00f3v\u00e3o, na Grande Aracaju. Ainda segundo o pai, ele tamb\u00e9m soube que [&hellip;]<\/p>\n","protected":false},"author":1,"featured_media":77434,"comment_status":"closed","ping_status":"closed","sticky":false,"template":"","format":"standard","meta":{"footnotes":""},"categories":[38],"tags":[],"class_list":{"0":"post-77433","1":"post","2":"type-post","3":"status-publish","4":"format-standard","5":"has-post-thumbnail","7":"category-municipios"},"_links":{"self":[{"href":"https:\/\/senoticias.com.br\/se\/wp-json\/wp\/v2\/posts\/77433"}],"collection":[{"href":"https:\/\/senoticias.com.br\/se\/wp-json\/wp\/v2\/posts"}],"about":[{"href":"https:\/\/senoticias.com.br\/se\/wp-json\/wp\/v2\/types\/post"}],"author":[{"embeddable":true,"href":"https:\/\/senoticias.com.br\/se\/wp-json\/wp\/v2\/users\/1"}],"replies":[{"embeddable":true,"href":"https:\/\/senoticias.com.br\/se\/wp-json\/wp\/v2\/comments?post=77433"}],"version-history":[{"count":0,"href":"https:\/\/senoticias.com.br\/se\/wp-json\/wp\/v2\/posts\/77433\/revisions"}],"wp:featuredmedia":[{"embeddable":true,"href":"https:\/\/senoticias.com.br\/se\/wp-json\/wp\/v2\/media\/77434"}],"wp:attachment":[{"href":"https:\/\/senoticias.com.br\/se\/wp-json\/wp\/v2\/media?parent=77433"}],"wp:term":[{"taxonomy":"category","embeddable":true,"href":"https:\/\/senoticias.com.br\/se\/wp-json\/wp\/v2\/categories?post=77433"},{"taxonomy":"post_tag","embeddable":true,"href":"https:\/\/senoticias.com.br\/se\/wp-json\/wp\/v2\/tags?post=77433"}],"curies":[{"name":"wp","href":"https:\/\/api.w.org\/{rel}","templated":true}]}}