{"id":74343,"date":"2014-12-29T13:22:58","date_gmt":"2014-12-29T16:22:58","guid":{"rendered":"http:\/\/senoticias.com.br\/se\/?p=74343"},"modified":"2014-12-30T11:07:47","modified_gmt":"2014-12-30T14:07:47","slug":"posse-da-presidente-dilma-tera-esquema-de-seguranca-com-4-mil-agentes","status":"publish","type":"post","link":"https:\/\/senoticias.com.br\/se\/posse-da-presidente-dilma-tera-esquema-de-seguranca-com-4-mil-agentes\/","title":{"rendered":"Posse da presidente Dilma ter\u00e1 esquema de seguran\u00e7a com 4 mil agentes"},"content":{"rendered":"<p style=\"text-align: justify;\">Quatro mil agentes das For\u00e7as Armadas, das pol\u00edcias Federal, Civil e Militar, do Corpo de Bombeiros e do Departamento de Tr\u00e2nsito do Distrito Federal participar\u00e3o do esquema de seguran\u00e7a da posse da presidenta Dilma Rousseff, na pr\u00f3xima quinta-feira (1\u00b0).<\/p>\n<div id=\"attachment_74345\" style=\"width: 590px\" class=\"wp-caption aligncenter\"><a href=\"http:\/\/senoticias.com.br\/se\/wp-content\/uploads\/2014\/12\/Posse-de-Dilma.jpg\"><img loading=\"lazy\" decoding=\"async\" aria-describedby=\"caption-attachment-74345\" class=\"size-full wp-image-74345\" alt=\"O cerimonial do Pal\u00e1cio do Planalto faz os ajustes finais da cerim\u00f4nia de posse da presidenta Dilma Rousseff, marcada para o dia 1\u00ba de JaneiroElza Fi\u00faza\/Ag\u00eancia Brasil\" src=\"http:\/\/senoticias.com.br\/se\/wp-content\/uploads\/2014\/12\/Posse-de-Dilma.jpg\" width=\"580\" height=\"388\" srcset=\"https:\/\/senoticias.com.br\/se\/wp-content\/uploads\/2014\/12\/Posse-de-Dilma.jpg 580w, https:\/\/senoticias.com.br\/se\/wp-content\/uploads\/2014\/12\/Posse-de-Dilma-300x200.jpg 300w, https:\/\/senoticias.com.br\/se\/wp-content\/uploads\/2014\/12\/Posse-de-Dilma-342x228.jpg 342w\" sizes=\"(max-width: 580px) 100vw, 580px\" \/><\/a><p id=\"caption-attachment-74345\" class=\"wp-caption-text\">O cerimonial do Pal\u00e1cio do Planalto faz os ajustes finais da cerim\u00f4nia de posse da presidenta Dilma Rousseff, marcada para o dia 1\u00ba de JaneiroElza Fi\u00faza\/Ag\u00eancia Brasil<\/p><\/div>\n<p style=\"text-align: justify;\">Os agentes atuar\u00e3o no gramado da Esplanada dos Minist\u00e9rios, no alto dos pr\u00e9dios e em helic\u00f3pteros. Durante o trajeto em carro aberto da Catedral at\u00e9 o Congresso Nacional, Dilma ser\u00e1 escoltada por motociclistas e agentes de seguran\u00e7a a cavalo.<\/p>\n<p style=\"text-align: justify;\">Ser\u00e3o montadas barreiras de controle na rodovi\u00e1ria de Bras\u00edlia, por onde a maioria do p\u00fablico deve chegar, e grades v\u00e3o proteger a pista por onde passar\u00e1 o Rolls-Royce presidencial e a \u00e1rea externa do Pal\u00e1cio do Planalto.<\/p>\n<p style=\"text-align: justify;\">O esquema de seguran\u00e7a foi testado ontem (28), durante ensaio da posse. Os 4 mil agentes estar\u00e3o preparados para impedir eventuais manifesta\u00e7\u00f5es violentas ou atos que atrapalhem o percurso a ser feito pela presidenta. A expectativa dos respons\u00e1veis pela seguran\u00e7a da posse \u00e9 que n\u00e3o haja grandes manifesta\u00e7\u00f5es durante os eventos da posse.<\/p>\n<p style=\"text-align: justify;\">A cerim\u00f4nia come\u00e7a com o percurso no Rolls-Royce da Catedral Metropolitana de Bras\u00edlia at\u00e9 a entrada do Congresso Nacional, onde Dilma deve chegar \u00e0s 15h. No plen\u00e1rio da C\u00e2mara, ela faz o juramento, assina o termo de posse e discursa. Na sa\u00edda, recebe honras militares com uma salva de 21 tiros de canh\u00e3o e segue para o Pal\u00e1cio do Planalto.<\/p>\n<p style=\"text-align: justify;\">Ap\u00f3s subir a rampa, Dilma falar\u00e1 \u00e0 na\u00e7\u00e3o no parlat\u00f3rio do pal\u00e1cio. Em seguida, recebe cumprimentos de autoridades e convidados, d\u00e1 posse aos ministros e faz fotos oficiais. A \u00faltima etapa da cerim\u00f4nia ser\u00e1 uma recep\u00e7\u00e3o no Pal\u00e1cio Itamaraty.<\/p>\n<p style=\"text-align: justify;\">A estimativa oficial \u00e9 que cerca de 10 mil pessoas acompanhem a posse de Dilma na Esplanada e na Pra\u00e7a dos Tr\u00eas Poderes. O PT, partido da presidenta, no entanto, calcula que pelo menos 30 mil devam comparecer \u00e0 solenidade.<\/p>\n<p style=\"text-align: justify;\">S\u00e3o esperadas para a cerim\u00f4nia de posse delega\u00e7\u00f5es de 60 pa\u00edses e 27 chefes de Estado e de Governo, entre eles, o vice-presidente dos Estados Unidos, Joe Biden, os presidentes do Uruguai, Jos\u00e9 Mujica, da Venezuela, Nicol\u00e1s Maduro, e do Chile, Michelle Bachelet.<\/p>\n<p><strong>Com informa\u00e7\u00f5es da Ag\u00eancia Brasil<\/strong><\/p>\n<p><strong>Siga o SE Not\u00edcias pelo<a href=\"https:\/\/twitter.com\/Senoticias\" target=\"_blank\"> Twitter <\/a>e curta no <a href=\"https:\/\/www.facebook.com\/senoticias1\" target=\"_blank\">Facebook<\/a><\/strong><\/p>\n","protected":false},"excerpt":{"rendered":"<p>Quatro mil agentes das For\u00e7as Armadas, das pol\u00edcias Federal, Civil e Militar, do Corpo de Bombeiros e do Departamento de Tr\u00e2nsito do Distrito Federal participar\u00e3o do esquema de seguran\u00e7a da posse da presidenta Dilma Rousseff, na pr\u00f3xima quinta-feira (1\u00b0). Os agentes atuar\u00e3o no gramado da Esplanada dos Minist\u00e9rios, no alto dos pr\u00e9dios e em helic\u00f3pteros. [&hellip;]<\/p>\n","protected":false},"author":3,"featured_media":74345,"comment_status":"closed","ping_status":"closed","sticky":false,"template":"","format":"standard","meta":{"footnotes":""},"categories":[6],"tags":[],"class_list":{"0":"post-74343","1":"post","2":"type-post","3":"status-publish","4":"format-standard","5":"has-post-thumbnail","7":"category-politica"},"_links":{"self":[{"href":"https:\/\/senoticias.com.br\/se\/wp-json\/wp\/v2\/posts\/74343"}],"collection":[{"href":"https:\/\/senoticias.com.br\/se\/wp-json\/wp\/v2\/posts"}],"about":[{"href":"https:\/\/senoticias.com.br\/se\/wp-json\/wp\/v2\/types\/post"}],"author":[{"embeddable":true,"href":"https:\/\/senoticias.com.br\/se\/wp-json\/wp\/v2\/users\/3"}],"replies":[{"embeddable":true,"href":"https:\/\/senoticias.com.br\/se\/wp-json\/wp\/v2\/comments?post=74343"}],"version-history":[{"count":0,"href":"https:\/\/senoticias.com.br\/se\/wp-json\/wp\/v2\/posts\/74343\/revisions"}],"wp:featuredmedia":[{"embeddable":true,"href":"https:\/\/senoticias.com.br\/se\/wp-json\/wp\/v2\/media\/74345"}],"wp:attachment":[{"href":"https:\/\/senoticias.com.br\/se\/wp-json\/wp\/v2\/media?parent=74343"}],"wp:term":[{"taxonomy":"category","embeddable":true,"href":"https:\/\/senoticias.com.br\/se\/wp-json\/wp\/v2\/categories?post=74343"},{"taxonomy":"post_tag","embeddable":true,"href":"https:\/\/senoticias.com.br\/se\/wp-json\/wp\/v2\/tags?post=74343"}],"curies":[{"name":"wp","href":"https:\/\/api.w.org\/{rel}","templated":true}]}}