{"id":74341,"date":"2014-12-29T13:15:30","date_gmt":"2014-12-29T16:15:30","guid":{"rendered":"http:\/\/senoticias.com.br\/se\/?p=74341"},"modified":"2014-12-29T13:16:44","modified_gmt":"2014-12-29T16:16:44","slug":"populacao-de-estancia-amarra-suspeito-de-roubos-em-poste","status":"publish","type":"post","link":"https:\/\/senoticias.com.br\/se\/populacao-de-estancia-amarra-suspeito-de-roubos-em-poste\/","title":{"rendered":"Popula\u00e7\u00e3o de Est\u00e2ncia amarra suspeito de roubos em poste"},"content":{"rendered":"<div id=\"attachment_74342\" style=\"width: 600px\" class=\"wp-caption aligncenter\"><a href=\"http:\/\/senoticias.com.br\/se\/wp-content\/uploads\/2014\/12\/291220148722.jpg\"><img loading=\"lazy\" decoding=\"async\" aria-describedby=\"caption-attachment-74342\" class=\" wp-image-74342  \" alt=\"Imagem: Benildon Santana\" src=\"http:\/\/senoticias.com.br\/se\/wp-content\/uploads\/2014\/12\/291220148722.jpg\" width=\"590\" height=\"342\" srcset=\"https:\/\/senoticias.com.br\/se\/wp-content\/uploads\/2014\/12\/291220148722.jpg 729w, https:\/\/senoticias.com.br\/se\/wp-content\/uploads\/2014\/12\/291220148722-300x173.jpg 300w, https:\/\/senoticias.com.br\/se\/wp-content\/uploads\/2014\/12\/291220148722-342x197.jpg 342w\" sizes=\"(max-width: 590px) 100vw, 590px\" \/><\/a><p id=\"caption-attachment-74342\" class=\"wp-caption-text\">Imagem: Benildon Santana<\/p><\/div>\n<p style=\"text-align: justify;\">Moradores do munic\u00edpio de Est\u00e2ncia, a 68km de Aracaju fizeram justi\u00e7a com as pr\u00f3prias m\u00e3os ap\u00f3s pegar um suspeito de praticar v\u00e1rios roubos na regi\u00e3o, espanc\u00e1-lo, amarr\u00e1-lo em um poste e deixar at\u00e9 a chegada da pol\u00edcia.<\/p>\n<p style=\"text-align: justify;\">De acordo com informa\u00e7\u00f5es do correspondente Juliano Lima, a Delegacia Regional de Est\u00e2ncia estava fechada neste final de semana e quem quisesse prestar alguma ocorr\u00eancia teria que ir para a Regional de Lagarto ou Aracaju. A popula\u00e7\u00e3o encontrou o homem em a\u00e7\u00e3o delituosa e o perseguiu at\u00e9 captur\u00e1-lo e em seguida amarrar o indiv\u00edduo no poste.<\/p>\n<p style=\"text-align: justify;\">Ap\u00f3s deixar o indiv\u00edduo amarrado por cerca de uma hora, populares acionaram a pol\u00edcia que esteve no local e o libertou. Em seguida, o suspeito dos roubos foi levado para a Delegacia de Lagarto, onde o homem prestou esclarecimentos.<\/p>\n<p style=\"text-align: justify;\"><em>Com informa\u00e7\u00f5es de Marcio Rocha, do F5 News\u00a0<\/em><\/p>\n<p style=\"text-align: justify;\"><strong>Siga o SE Not\u00edcias pelo <a href=\"https:\/\/twitter.com\/Senoticias\" target=\"_blank\">Twitter<\/a> e curta no <a href=\"https:\/\/www.facebook.com\/PortalSENoticias\" target=\"_blank\">Facebook<\/a><\/strong><a href=\"https:\/\/www.facebook.com\/PortalSENoticias\" target=\"_blank\">\u00a0<\/a><\/p>\n","protected":false},"excerpt":{"rendered":"<p>Moradores do munic\u00edpio de Est\u00e2ncia, a 68km de Aracaju fizeram justi\u00e7a com as pr\u00f3prias m\u00e3os ap\u00f3s pegar um suspeito de praticar v\u00e1rios roubos na regi\u00e3o, espanc\u00e1-lo, amarr\u00e1-lo em um poste e deixar at\u00e9 a chegada da pol\u00edcia. De acordo com informa\u00e7\u00f5es do correspondente Juliano Lima, a Delegacia Regional de Est\u00e2ncia estava fechada neste final de [&hellip;]<\/p>\n","protected":false},"author":1,"featured_media":74342,"comment_status":"closed","ping_status":"closed","sticky":false,"template":"","format":"standard","meta":{"footnotes":""},"categories":[7],"tags":[],"class_list":{"0":"post-74341","1":"post","2":"type-post","3":"status-publish","4":"format-standard","5":"has-post-thumbnail","7":"category-policia"},"_links":{"self":[{"href":"https:\/\/senoticias.com.br\/se\/wp-json\/wp\/v2\/posts\/74341"}],"collection":[{"href":"https:\/\/senoticias.com.br\/se\/wp-json\/wp\/v2\/posts"}],"about":[{"href":"https:\/\/senoticias.com.br\/se\/wp-json\/wp\/v2\/types\/post"}],"author":[{"embeddable":true,"href":"https:\/\/senoticias.com.br\/se\/wp-json\/wp\/v2\/users\/1"}],"replies":[{"embeddable":true,"href":"https:\/\/senoticias.com.br\/se\/wp-json\/wp\/v2\/comments?post=74341"}],"version-history":[{"count":0,"href":"https:\/\/senoticias.com.br\/se\/wp-json\/wp\/v2\/posts\/74341\/revisions"}],"wp:featuredmedia":[{"embeddable":true,"href":"https:\/\/senoticias.com.br\/se\/wp-json\/wp\/v2\/media\/74342"}],"wp:attachment":[{"href":"https:\/\/senoticias.com.br\/se\/wp-json\/wp\/v2\/media?parent=74341"}],"wp:term":[{"taxonomy":"category","embeddable":true,"href":"https:\/\/senoticias.com.br\/se\/wp-json\/wp\/v2\/categories?post=74341"},{"taxonomy":"post_tag","embeddable":true,"href":"https:\/\/senoticias.com.br\/se\/wp-json\/wp\/v2\/tags?post=74341"}],"curies":[{"name":"wp","href":"https:\/\/api.w.org\/{rel}","templated":true}]}}