{"id":74334,"date":"2014-12-29T12:40:51","date_gmt":"2014-12-29T15:40:51","guid":{"rendered":"http:\/\/senoticias.com.br\/se\/?p=74334"},"modified":"2014-12-29T12:42:30","modified_gmt":"2014-12-29T15:42:30","slug":"confira-o-que-abre-e-fecha-na-semana-de-reveillon","status":"publish","type":"post","link":"https:\/\/senoticias.com.br\/se\/confira-o-que-abre-e-fecha-na-semana-de-reveillon\/","title":{"rendered":"Confira o que abre e fecha na semana de r\u00e9veillon"},"content":{"rendered":"<div id=\"attachment_62884\" style=\"width: 310px\" class=\"wp-caption alignright\"><a href=\"http:\/\/senoticias.com.br\/se\/wp-content\/uploads\/2014\/04\/hjegf.jpg\"><img loading=\"lazy\" decoding=\"async\" aria-describedby=\"caption-attachment-62884\" class=\"size-medium wp-image-62884\" alt=\" (Foto: Divulga\u00e7\u00e3o) \" src=\"http:\/\/senoticias.com.br\/se\/wp-content\/uploads\/2014\/04\/hjegf-300x251.jpg\" width=\"300\" height=\"251\" srcset=\"https:\/\/senoticias.com.br\/se\/wp-content\/uploads\/2014\/04\/hjegf-300x251.jpg 300w, https:\/\/senoticias.com.br\/se\/wp-content\/uploads\/2014\/04\/hjegf-342x286.jpg 342w, https:\/\/senoticias.com.br\/se\/wp-content\/uploads\/2014\/04\/hjegf.jpg 500w\" sizes=\"(max-width: 300px) 100vw, 300px\" \/><\/a><p id=\"caption-attachment-62884\" class=\"wp-caption-text\">(Foto: Divulga\u00e7\u00e3o)<\/p><\/div>\n<p style=\"text-align: justify;\">\u00daltima semana do ano e por causa do R\u00e9veillon fique atento ao hor\u00e1rio de funcionamento de estabelecimentos e a presta\u00e7\u00e3o de servi\u00e7os ficam alterados. Para ficar por dentro do que vai funcionar, fique atento.<\/p>\n<p style=\"text-align: justify;\"><strong>Com\u00e9rcio<\/strong><\/p>\n<p style=\"text-align: justify;\">No dia 31 de dezembro, o com\u00e9rcio funciona das 8h \u00e0s 17h. No feriado de 1\u00ba de janeiro as lojas n\u00e3o v\u00e3o abrir.<\/p>\n<p style=\"text-align: justify;\"><strong>Shoppings<\/strong><\/p>\n<p style=\"text-align: justify;\">No dia 31, o Shopping Jardins e o Shopping Riomar abrem das 9 \u00e0s 18 horas. No dia 1\u00ba de janeiro, pra\u00e7as de alimenta\u00e7\u00e3o, restaurantes e entretenimento do Shopping Jardins funcionar\u00e3o das 12 \u00e0s 22 horas. Demais lojas estar\u00e3o fechadas. J\u00e1 o Shopping Riomar ficar\u00e1 fechado.<\/p>\n<p style=\"text-align: justify;\">O Shopping Pr\u00eamio ficar\u00e1 aberto das 10h \u00e0s 18h no dia 31. No dia 1\u00ba estar\u00e1 fechado.<\/p>\n<p style=\"text-align: justify;\"><strong>Supermercados<\/strong><\/p>\n<p style=\"text-align: justify;\">A rede de supermercados e hipermercados Gbarbosa v\u00e3o abrir das 7h \u00e0s 18h na v\u00e9spera de Ano Novo, fechando todas as lojas no 1\u00ba.<\/p>\n<p style=\"text-align: justify;\">O hipermercado Extra ficar\u00e1 aberto at\u00e9 \u00e0s 19h no dia 31 de dezembro, mas no dia 1\u00ba est\u00e1 fechado.<\/p>\n<p style=\"text-align: justify;\"><strong>Mercados e feiras livres<\/strong><\/p>\n<p style=\"text-align: justify;\">Por conta da proximidade das festas de final do ano, a Prefeitura Municipal de Aracaju (PMA), por meio da Empresa Municipal de Servi\u00e7os Urbanos (Emsurb), ir\u00e1 alterar o hor\u00e1rio de funcionamento dos mercados e das feiras livres da cidade. Os mercados manter\u00e3o o hor\u00e1rio de funcionamento habitual, fechando apenas no feriado.<\/p>\n<p style=\"text-align: justify;\">As feiras de quarta-feira s\u00e3o elas: Augusto Franco, Dom Pedro, Orlando Dantas e da Escola T\u00e9cnica ser\u00e3o antecipadas para o hor\u00e1rio das 6h \u00e0s 13h no dia 31\/12. J\u00e1 a feira da quinta-feira (Santos Dumont), ser\u00e1 antecipada para o dia 31\/12, sendo mantido o hor\u00e1rio normal de funcionamento.<\/p>\n<p style=\"text-align: justify;\"><strong>Bancos<\/strong><\/p>\n<p style=\"text-align: justify;\">A Federa\u00e7\u00e3o Brasileira de Bancos (FEBRABAN) informou que o atendimento e funcionamento das institui\u00e7\u00f5es financeiras ser\u00e1 modificado no per\u00edodo de Natal e ano-novo. Os bancos n\u00e3o abrir\u00e3o ao p\u00fablico no dia 31 (\u00faltimo dia do ano) e 1\u00ba (Dia Mundial da Paz).<\/p>\n<p style=\"text-align: justify;\"><strong>Sa\u00fade<\/strong><\/p>\n<p style=\"text-align: justify;\">No dia 31, excepcionalmente, o Case n\u00e3o realizar\u00e1 atendimento ao p\u00fablico externo devido ao fechamento do ano, com levantamento de estoque, confer\u00eancia dos itens e conclus\u00e3o do planejamento das a\u00e7\u00f5es. No dia 1\u00ba de janeiro, o Case estar\u00e1 fechado devido ao Feriado de Confraterniza\u00e7\u00e3o Universal.<\/p>\n<p style=\"text-align: justify;\"><strong>Correios<\/strong><\/p>\n<p style=\"text-align: justify;\">\u2022 Dia 31\/12\/14 (quarta-feira): todas as ag\u00eancias pr\u00f3prias fecham.<\/p>\n<p style=\"text-align: justify;\"><em>Com informa\u00e7\u00f5es do A8SE<\/em><\/p>\n<p style=\"text-align: justify;\"><strong>Siga o SE Not\u00edcias pelo <a href=\"https:\/\/twitter.com\/Senoticias\" target=\"_blank\">Twitter<\/a> e curta no <a href=\"https:\/\/www.facebook.com\/PortalSENoticias\" target=\"_blank\">Facebook<\/a><\/strong><\/p>\n","protected":false},"excerpt":{"rendered":"<p>\u00daltima semana do ano e por causa do R\u00e9veillon fique atento ao hor\u00e1rio de funcionamento de estabelecimentos e a presta\u00e7\u00e3o de servi\u00e7os ficam alterados. Para ficar por dentro do que vai funcionar, fique atento. Com\u00e9rcio No dia 31 de dezembro, o com\u00e9rcio funciona das 8h \u00e0s 17h. No feriado de 1\u00ba de janeiro as lojas [&hellip;]<\/p>\n","protected":false},"author":1,"featured_media":62884,"comment_status":"closed","ping_status":"closed","sticky":false,"template":"","format":"standard","meta":{"footnotes":""},"categories":[38],"tags":[],"class_list":{"0":"post-74334","1":"post","2":"type-post","3":"status-publish","4":"format-standard","5":"has-post-thumbnail","7":"category-municipios"},"_links":{"self":[{"href":"https:\/\/senoticias.com.br\/se\/wp-json\/wp\/v2\/posts\/74334"}],"collection":[{"href":"https:\/\/senoticias.com.br\/se\/wp-json\/wp\/v2\/posts"}],"about":[{"href":"https:\/\/senoticias.com.br\/se\/wp-json\/wp\/v2\/types\/post"}],"author":[{"embeddable":true,"href":"https:\/\/senoticias.com.br\/se\/wp-json\/wp\/v2\/users\/1"}],"replies":[{"embeddable":true,"href":"https:\/\/senoticias.com.br\/se\/wp-json\/wp\/v2\/comments?post=74334"}],"version-history":[{"count":0,"href":"https:\/\/senoticias.com.br\/se\/wp-json\/wp\/v2\/posts\/74334\/revisions"}],"wp:featuredmedia":[{"embeddable":true,"href":"https:\/\/senoticias.com.br\/se\/wp-json\/wp\/v2\/media\/62884"}],"wp:attachment":[{"href":"https:\/\/senoticias.com.br\/se\/wp-json\/wp\/v2\/media?parent=74334"}],"wp:term":[{"taxonomy":"category","embeddable":true,"href":"https:\/\/senoticias.com.br\/se\/wp-json\/wp\/v2\/categories?post=74334"},{"taxonomy":"post_tag","embeddable":true,"href":"https:\/\/senoticias.com.br\/se\/wp-json\/wp\/v2\/tags?post=74334"}],"curies":[{"name":"wp","href":"https:\/\/api.w.org\/{rel}","templated":true}]}}