{"id":74332,"date":"2014-12-29T11:25:28","date_gmt":"2014-12-29T14:25:28","guid":{"rendered":"http:\/\/senoticias.com.br\/se\/?p=74332"},"modified":"2014-12-30T10:44:44","modified_gmt":"2014-12-30T13:44:44","slug":"governador-ainda-nao-definiu-o-1o-escalao-do-governo-do-estado-mas-conversa-com-politicos","status":"publish","type":"post","link":"https:\/\/senoticias.com.br\/se\/governador-ainda-nao-definiu-o-1o-escalao-do-governo-do-estado-mas-conversa-com-politicos\/","title":{"rendered":"Jackson Barreto ainda n\u00e3o definiu o 1\u00ba escal\u00e3o do governo do Estado, mas conversa com pol\u00edticos"},"content":{"rendered":"<div id=\"attachment_56404\" style=\"width: 343px\" class=\"wp-caption alignright\"><a href=\"http:\/\/senoticias.com.br\/se\/wp-content\/uploads\/2013\/12\/JacksonBarreto.jpg\"><img loading=\"lazy\" decoding=\"async\" aria-describedby=\"caption-attachment-56404\" class=\"size-full wp-image-56404\" alt=\"Governador Jackson Barreto (Foto: Marcos Rodrigues\/ASN)\" src=\"http:\/\/senoticias.com.br\/se\/wp-content\/uploads\/2013\/12\/JacksonBarreto.jpg\" width=\"333\" height=\"287\" srcset=\"https:\/\/senoticias.com.br\/se\/wp-content\/uploads\/2013\/12\/JacksonBarreto.jpg 333w, https:\/\/senoticias.com.br\/se\/wp-content\/uploads\/2013\/12\/JacksonBarreto-300x258.jpg 300w\" sizes=\"(max-width: 333px) 100vw, 333px\" \/><\/a><p id=\"caption-attachment-56404\" class=\"wp-caption-text\">Governador Jackson Barreto (Foto: Marcos Rodrigues\/ASN)<\/p><\/div>\n<p style=\"text-align: justify;\">O governador Jackson Barreto anuncia no decorrer desta semana, provavelmente na ter\u00e7a ou quarta-feira os membros do primeiro escal\u00e3o da gest\u00e3o que come\u00e7a no pr\u00f3ximo dia 1\u00ba.<\/p>\n<p style=\"text-align: justify;\">Desde a sexta-feira passada ele vem recebendo pol\u00edticos e ouvindo deles o que desejam do governo e lhes apresentando cen\u00e1rios. N\u00e3o h\u00e1 convites formalizados at\u00e9 agora para as pastas, embora JB j\u00e1 tenha em mente os perfis daqueles que lhe interessa na equipe. Tem recomendado aos pol\u00edticos que conversa que preservem as informa\u00e7\u00f5es para evitar a divulga\u00e7\u00e3o antecipada de novos que estar\u00e3o na equipe e a propaga\u00e7\u00e3o de boatos.<\/p>\n<p><strong>Definida a agenda da posse de JB, que come\u00e7a com uma missa dia 31<\/strong><\/p>\n<p style=\"text-align: justify;\">A celebra\u00e7\u00e3o de uma missa na catedral metropolitana de Aracaju, no dia 31, \u00e0s 9h, abre a agenda da posse do governador Jackson Barreto, que ser\u00e1 oficializada \u00e0s 10h do dia 1\u00ba de janeiro, com o ato solene na Assembleia Legislativa de Sergipe, senfo seguido pelos cumprimentos, \u00e0 partir das 11h30, no Pal\u00e1cio Ol\u00edmpio Campos. <em>(Informa\u00e7\u00f5es do Jornalista Eug\u00eanio Nascimento)<\/em><\/p>\n<p style=\"text-align: justify;\"><strong>Siga o SE Not\u00edcias pelo<a href=\"https:\/\/twitter.com\/Senoticias\" target=\"_blank\"> Twitter<\/a> e curta no <a href=\" https:\/\/www.facebook.com\/PortalSENoticias\" target=\"_blank\">Facebook<\/a><\/strong><\/p>\n","protected":false},"excerpt":{"rendered":"<p>O governador Jackson Barreto anuncia no decorrer desta semana, provavelmente na ter\u00e7a ou quarta-feira os membros do primeiro escal\u00e3o da gest\u00e3o que come\u00e7a no pr\u00f3ximo dia 1\u00ba. Desde a sexta-feira passada ele vem recebendo pol\u00edticos e ouvindo deles o que desejam do governo e lhes apresentando cen\u00e1rios. N\u00e3o h\u00e1 convites formalizados at\u00e9 agora para as [&hellip;]<\/p>\n","protected":false},"author":1,"featured_media":56404,"comment_status":"closed","ping_status":"closed","sticky":false,"template":"","format":"standard","meta":{"footnotes":""},"categories":[6],"tags":[],"class_list":{"0":"post-74332","1":"post","2":"type-post","3":"status-publish","4":"format-standard","5":"has-post-thumbnail","7":"category-politica"},"_links":{"self":[{"href":"https:\/\/senoticias.com.br\/se\/wp-json\/wp\/v2\/posts\/74332"}],"collection":[{"href":"https:\/\/senoticias.com.br\/se\/wp-json\/wp\/v2\/posts"}],"about":[{"href":"https:\/\/senoticias.com.br\/se\/wp-json\/wp\/v2\/types\/post"}],"author":[{"embeddable":true,"href":"https:\/\/senoticias.com.br\/se\/wp-json\/wp\/v2\/users\/1"}],"replies":[{"embeddable":true,"href":"https:\/\/senoticias.com.br\/se\/wp-json\/wp\/v2\/comments?post=74332"}],"version-history":[{"count":0,"href":"https:\/\/senoticias.com.br\/se\/wp-json\/wp\/v2\/posts\/74332\/revisions"}],"wp:featuredmedia":[{"embeddable":true,"href":"https:\/\/senoticias.com.br\/se\/wp-json\/wp\/v2\/media\/56404"}],"wp:attachment":[{"href":"https:\/\/senoticias.com.br\/se\/wp-json\/wp\/v2\/media?parent=74332"}],"wp:term":[{"taxonomy":"category","embeddable":true,"href":"https:\/\/senoticias.com.br\/se\/wp-json\/wp\/v2\/categories?post=74332"},{"taxonomy":"post_tag","embeddable":true,"href":"https:\/\/senoticias.com.br\/se\/wp-json\/wp\/v2\/tags?post=74332"}],"curies":[{"name":"wp","href":"https:\/\/api.w.org\/{rel}","templated":true}]}}