{"id":74329,"date":"2014-12-29T08:11:02","date_gmt":"2014-12-29T11:11:02","guid":{"rendered":"http:\/\/senoticias.com.br\/se\/?p=74329"},"modified":"2014-12-29T10:53:12","modified_gmt":"2014-12-29T13:53:12","slug":"anulada-mais-uma-vez-eleicao-para-a-camara-de-estancia","status":"publish","type":"post","link":"https:\/\/senoticias.com.br\/se\/anulada-mais-uma-vez-eleicao-para-a-camara-de-estancia\/","title":{"rendered":"Anulada mais uma vez elei\u00e7\u00e3o para a C\u00e2mara de Est\u00e2ncia"},"content":{"rendered":"<div id=\"attachment_74169\" style=\"width: 266px\" class=\"wp-caption alignright\"><a href=\"http:\/\/senoticias.com.br\/se\/wp-content\/uploads\/2014\/12\/132.jpg\"><img loading=\"lazy\" decoding=\"async\" aria-describedby=\"caption-attachment-74169\" class=\"size-full wp-image-74169\" alt=\" O vereador Dominguinhos do PT havia sido eleito presidente do Legislativo. (Foto: arquivo pessoal)\" src=\"http:\/\/senoticias.com.br\/se\/wp-content\/uploads\/2014\/12\/132.jpg\" width=\"256\" height=\"229\" \/><\/a><p id=\"caption-attachment-74169\" class=\"wp-caption-text\"><br \/>O vereador Dominguinhos do PT havia sido eleito presidente do Legislativo. (Foto: arquivo pessoal)<\/p><\/div>\n<p style=\"text-align: justify;\">A desembargadora Suzana Maria Carvalho Oliveira anulou neste domingo, 29, a elei\u00e7\u00e3o para presidente da C\u00e2mara Municipal de Est\u00e2ncia.<\/p>\n<p style=\"text-align: justify;\">O vereador Dominguinhos do PT havia sido eleito presidente do Legislativo.<\/p>\n<p style=\"text-align: justify;\">O pedido de liminar foi feito pelo vereador S\u00e9rgio de Larissa atrav\u00e9s do advogado Hans Weberling Soares.<\/p>\n<p style=\"text-align: justify;\"><strong>Veja a decis\u00e3o da magistrada:<\/strong><\/p>\n<blockquote>\n<p style=\"text-align: justify;\">Assim, diante da an\u00e1lise perfunct\u00f3ria dos presentes autos, observa-se a presen\u00e7a dos pressupostos m\u00ednimos indispens\u00e1veis \u00e0 esp\u00e9cie, raz\u00e3o pela qual defiro o efeito ativo para o fim de suspender a efic\u00e1cia da declara\u00e7\u00e3o do resultado da elei\u00e7\u00e3o para mesa diretora na sess\u00e3o realizada no dia 22 de dezembro \u00faltimo e determinar \u00e0 autoridade impetrada a convoca\u00e7\u00e3o dos vereadores para o fim de promover o desempate na elei\u00e7\u00e3o da Mesa Diretora, antes do t\u00e9rmino do ano de 2014, com observ\u00e2ncia r\u00edgida do procedimento do art. 19 do Regimento Interno da C\u00e2mara Municipal de Est\u00e2ncia. Fixo a multa di\u00e1ria de R$ 5.000,00 (cinco mil reais) em caso de descumprimento, com amparo no art. 461, \u00a74\u00ba do CPC, a partir da intima\u00e7\u00e3o desta decis\u00e3o. <em>(Informa\u00e7\u00f5es do jornalista Gilmar Carvalho.)<\/em><\/p>\n<p style=\"text-align: justify;\"><strong>Siga o SE Not\u00edcias pelo <a href=\"https:\/\/twitter.com\/Senoticias\" target=\"_blank\">Twitter <\/a>e curta no <a href=\" https:\/\/www.facebook.com\/PortalSENoticias\" target=\"_blank\">Facebook<\/a><\/strong><\/p>\n<\/blockquote>\n","protected":false},"excerpt":{"rendered":"<p>A desembargadora Suzana Maria Carvalho Oliveira anulou neste domingo, 29, a elei\u00e7\u00e3o para presidente da C\u00e2mara Municipal de Est\u00e2ncia. O vereador Dominguinhos do PT havia sido eleito presidente do Legislativo. O pedido de liminar foi feito pelo vereador S\u00e9rgio de Larissa atrav\u00e9s do advogado Hans Weberling Soares. Veja a decis\u00e3o da magistrada: Assim, diante da [&hellip;]<\/p>\n","protected":false},"author":1,"featured_media":74169,"comment_status":"closed","ping_status":"closed","sticky":false,"template":"","format":"standard","meta":{"footnotes":""},"categories":[6,1],"tags":[],"class_list":{"0":"post-74329","1":"post","2":"type-post","3":"status-publish","4":"format-standard","5":"has-post-thumbnail","7":"category-politica","8":"category-sem-categoria"},"_links":{"self":[{"href":"https:\/\/senoticias.com.br\/se\/wp-json\/wp\/v2\/posts\/74329"}],"collection":[{"href":"https:\/\/senoticias.com.br\/se\/wp-json\/wp\/v2\/posts"}],"about":[{"href":"https:\/\/senoticias.com.br\/se\/wp-json\/wp\/v2\/types\/post"}],"author":[{"embeddable":true,"href":"https:\/\/senoticias.com.br\/se\/wp-json\/wp\/v2\/users\/1"}],"replies":[{"embeddable":true,"href":"https:\/\/senoticias.com.br\/se\/wp-json\/wp\/v2\/comments?post=74329"}],"version-history":[{"count":0,"href":"https:\/\/senoticias.com.br\/se\/wp-json\/wp\/v2\/posts\/74329\/revisions"}],"wp:featuredmedia":[{"embeddable":true,"href":"https:\/\/senoticias.com.br\/se\/wp-json\/wp\/v2\/media\/74169"}],"wp:attachment":[{"href":"https:\/\/senoticias.com.br\/se\/wp-json\/wp\/v2\/media?parent=74329"}],"wp:term":[{"taxonomy":"category","embeddable":true,"href":"https:\/\/senoticias.com.br\/se\/wp-json\/wp\/v2\/categories?post=74329"},{"taxonomy":"post_tag","embeddable":true,"href":"https:\/\/senoticias.com.br\/se\/wp-json\/wp\/v2\/tags?post=74329"}],"curies":[{"name":"wp","href":"https:\/\/api.w.org\/{rel}","templated":true}]}}