{"id":74326,"date":"2014-12-28T21:28:02","date_gmt":"2014-12-29T00:28:02","guid":{"rendered":"http:\/\/senoticias.com.br\/se\/?p=74326"},"modified":"2014-12-28T21:34:51","modified_gmt":"2014-12-29T00:34:51","slug":"fantastco-mp-pede-cassacao-de-13-deputados-por-repasse-ilegal-de-verbas-em-sergipe","status":"publish","type":"post","link":"https:\/\/senoticias.com.br\/se\/fantastco-mp-pede-cassacao-de-13-deputados-por-repasse-ilegal-de-verbas-em-sergipe\/","title":{"rendered":"Fant\u00e1stico: MPF pede cassa\u00e7\u00e3o de 13 deputados por repasse ilegal de verbas em Sergipe"},"content":{"rendered":"<p style=\"text-align: justify;\">O ano de 2014 termina tamb\u00e9m com hist\u00f3rias que deixam todos os brasileiros indignados, hist\u00f3rias de corrup\u00e7\u00e3o eleitoral. O Minist\u00e9rio P\u00fablico pediu a cassa\u00e7\u00e3o de nada menos que 13 deputados estaduais em Sergipe. A Assembleia tem 24. O motivo: repasse ilegal de milh\u00f5es de reais.<\/p>\n<p style=\"text-align: justify;\">Uma resid\u00eancia humilde pode ter recebido R$ 500 mil do poder p\u00fablico? E quem consegue achar R$ 480 mil do contribuinte em outra casa inacabada?<\/p>\n<div id=\"attachment_74328\" style=\"width: 604px\" class=\"wp-caption aligncenter\"><a href=\"http:\/\/senoticias.com.br\/se\/wp-content\/uploads\/2014\/12\/gilson.png\"><img loading=\"lazy\" decoding=\"async\" aria-describedby=\"caption-attachment-74328\" class=\"size-full wp-image-74328\" alt=\"Segundo o MP, R$ 12 milh\u00f5es foram repassados por parlamentares para entidades que n\u00e3o existem ou funcionam de forma prec\u00e1ria. (Foto: reprodu\u00e7\u00e3o\/TV Sergipe)\" src=\"http:\/\/senoticias.com.br\/se\/wp-content\/uploads\/2014\/12\/gilson.png\" width=\"594\" height=\"345\" srcset=\"https:\/\/senoticias.com.br\/se\/wp-content\/uploads\/2014\/12\/gilson.png 594w, https:\/\/senoticias.com.br\/se\/wp-content\/uploads\/2014\/12\/gilson-300x174.png 300w, https:\/\/senoticias.com.br\/se\/wp-content\/uploads\/2014\/12\/gilson-342x198.png 342w\" sizes=\"(max-width: 594px) 100vw, 594px\" \/><\/a><p id=\"caption-attachment-74328\" class=\"wp-caption-text\">Segundo o MP, R$ 12 milh\u00f5es foram repassados por parlamentares<br \/>para entidades que n\u00e3o existem ou funcionam de forma prec\u00e1ria. (Foto: reprodu\u00e7\u00e3o\/TV Sergipe)<\/p><\/div>\n<p style=\"text-align: justify;\">No papel, os dois endere\u00e7os s\u00e3o de entidades que recebem dinheiro da Assembleia Legislativa de Sergipe por propostas de emenda dos deputados. \u00c9 a chamada verba de subven\u00e7\u00e3o, a que todo parlamentar tem direito em Sergipe, segundo uma lei de 2003.<\/p>\n<p style=\"text-align: justify;\">O valor era de no m\u00e1ximo R$ 900 mil. Este ano &#8211; ano de elei\u00e7\u00f5es -, o limite passou para R$ 1,5 milh\u00e3o. O aumento chamou a aten\u00e7\u00e3o do Minist\u00e9rio P\u00fablico Eleitoral, que investigou o repasse do dinheiro.<\/p>\n<p style=\"text-align: justify;\">\u201cA maior parte dessas entidades n\u00e3o existia ou quando existia funcionava de forma bastante prec\u00e1ria\u201d, afirma Eunice Dantas, procuradora do MPF-SE.<\/p>\n<p style=\"text-align: justify;\">O Fant\u00e1stico foi at\u00e9 a sede das entidades. Munic\u00edpio de Nossa Senhora do Socorro, a cerca de 14 quil\u00f4metros de Aracaju. Um lugar deveria ser a sede da Associa\u00e7\u00e3o de Moradores e Amigos do Conjunto Siri. Por indica\u00e7\u00e3o dos deputados Gustinho Ribeiro, do PSD, e Augusto Bezerra, do DEM, essa associa\u00e7\u00e3o recebeu R$ 500 mil. Na verdade, no local fica uma resid\u00eancia.<\/p>\n<p style=\"text-align: justify;\">Maria Menezes, moradora da casa: Aqui n\u00e3o funciona nada disso. Nunca funcionou. Pelo menos quando eu moro, n\u00e3o.<br \/>\nFant\u00e1stico: A senhora mora aqui h\u00e1 quantos anos?<br \/>\nMaria Menezes: H\u00e1 uns oito anos ou mais.<\/p>\n<p style=\"text-align: justify;\">Munic\u00edpio de Pacatuba, a quase 100 quil\u00f4metros da capital sergipana. Segundo o Minist\u00e9rio P\u00fablico, a associa\u00e7\u00e3o comunit\u00e1ria Nossa Senhora da Concei\u00e7\u00e3o recebeu R$ 480 mil por indica\u00e7\u00e3o do deputado Jeferson Andrade, do PSD. Na \u00e9poca do repasse, a sede da associa\u00e7\u00e3o era apenas um terreno. Agora no local est\u00e1 subindo uma casa.<\/p>\n<p style=\"text-align: justify;\">Antes dessa obra, a procuradora que investiga os repasses esteve l\u00e1 e entrevistou Edna dos Santos, representante da associa\u00e7\u00e3o.<\/p>\n<p style=\"text-align: justify;\">Procuradora: \u201cO que que essa associa\u00e7\u00e3o faz?\u201d<br \/>\nEdna dos Santos: \u201cPor enquanto, nada, porque n\u00e3o tem pr\u00e9dio\u201d.<\/p>\n<p style=\"text-align: justify;\">Munic\u00edpio de Muribeca, a 73 quil\u00f4metros da capital. A Associa\u00e7\u00e3o de Moradores e Agricultores do Povoado Vesgueiro tamb\u00e9m recebeu R$ 480 mil por indica\u00e7\u00e3o do deputado Jeferson Andrade. O mesmo que indicou a suposta associa\u00e7\u00e3o em Pacatuba.<\/p>\n<p style=\"text-align: justify;\">No endere\u00e7o, consta o n\u00famero 839, que seria exatamente um terreno, que pertence ao Seu Jos\u00e9.<\/p>\n<p style=\"text-align: justify;\">Fant\u00e1stico: Seu Jos\u00e9, esse terreno pertence tamb\u00e9m a alguma associa\u00e7\u00e3o?<\/p>\n<p style=\"text-align: justify;\">Jos\u00e9: N\u00e3o. Aqui \u00e9 do dono mesmo. Aqui nunca recebeu nada de ningu\u00e9m.<\/p>\n<p style=\"text-align: justify;\">Na capital, fica a entidade que recebeu mais dinheiro: foram R$ 2,3 milh\u00f5es para a Associa\u00e7\u00e3o de Moradores e Amigos do Bairro Nova Veneza. A suposta institui\u00e7\u00e3o foi indicada pelos deputados Augusto Bezerra, do DEM; Paulinho das Varzinhas Filho, do PT do B; e pela ex-deputada Suzana Azevedo, hoje conselheira do Tribunal de Contas do Estado.<\/p>\n<p style=\"text-align: justify;\">Uma vizinha conta o que acontece na tal sede. \u201cForr\u00f3, que teria domingo, e aluga para festa. S\u00f3\u201d, diz Carla L\u00f3es.<\/p>\n<p style=\"text-align: justify;\">Ao Minist\u00e9rio P\u00fablico, uma integrante do conselho fiscal da associa\u00e7\u00e3o confirma a farra.<\/p>\n<p style=\"text-align: justify;\">Luzinaide dos Santos: \u00c9 o forr\u00f3 da terceira idade. A associa\u00e7\u00e3o anda com as perninhas dela mesmo.<br \/>\nMP: N\u00e3o recebe recurso nenhum?<br \/>\nLuzinaide: Nenhum, nenhum.<\/p>\n<p style=\"text-align: justify;\">Ao todo, o Minist\u00e9rio P\u00fablico pediu a cassa\u00e7\u00e3o de 13 deputados envolvidos no repasse ilegal de verbas, que chega a R$ 12 milh\u00f5es.<\/p>\n<p style=\"text-align: justify;\">\u201cPor se tratar de ano eleitoral, h\u00e1 ind\u00edcios fortes que todo esse valor foi revestido em prol da candidatura do deputado que encaminhou para l\u00e1\u201d, destaca a procuradora Eunice Dantas.<\/p>\n<p style=\"text-align: justify;\">Um dos deputados, Adelson Barreto, do PTB, diz por telefone que nem ele nem os colegas receberam notifica\u00e7\u00e3o da Justi\u00e7a.<\/p>\n<p style=\"text-align: justify;\">Ele afirma ainda que a Assembleia Legislativa acompanha o destino das verbas. \u201cA Assembleia est\u00e1 recebendo a comprova\u00e7\u00e3o de todos os gastos de todas as entidades\u201d, diz.<\/p>\n<p style=\"text-align: justify;\">O Fant\u00e1stico procurou todos os deputados e ex-deputados citados na reportagem, mas n\u00e3o conseguiu contato.<\/p>\n<p style=\"text-align: justify;\">Um dos advogados que representam os parlamentares recebeu nossa equipe, mas n\u00e3o quis gravar entrevista porque afirma ainda n\u00e3o conhecer os detalhes do processo.<\/p>\n<p style=\"text-align: justify;\">\u201cAs investiga\u00e7\u00f5es v\u00e3o continuar ainda porque com certeza houve pr\u00e1tica de atos de improbidade administrativa, crime de sonega\u00e7\u00e3o fiscal, peculato, lavagem de dinheiro, uso de documento falso e outros que ainda podem surgir\u201d, afirma a procuradora.<\/p>\n<p style=\"text-align: justify;\"><strong>Siga o SE Not\u00edcias pelo <a href=\"https:\/\/twitter.com\/Senoticias\" target=\"_blank\">Twitter <\/a>e curta no <a href=\" https:\/\/www.facebook.com\/PortalSENoticias\" target=\"_blank\">Facebook<\/a><\/strong><\/p>\n<p style=\"text-align: justify;\"><strong>Clique <a href=\"http:\/\/g1.globo.com\/fantastico\/noticia\/2014\/12\/mp-pede-cassacao-de-13-deputados-por-repasse-ilegal-de-verbas-em-se.html\" target=\"_blank\">AQUI<\/a> para ver o v\u00eddeo da mat\u00e9ria no Fant\u00e1stico<\/strong><\/p>\n","protected":false},"excerpt":{"rendered":"<p>O ano de 2014 termina tamb\u00e9m com hist\u00f3rias que deixam todos os brasileiros indignados, hist\u00f3rias de corrup\u00e7\u00e3o eleitoral. O Minist\u00e9rio P\u00fablico pediu a cassa\u00e7\u00e3o de nada menos que 13 deputados estaduais em Sergipe. A Assembleia tem 24. O motivo: repasse ilegal de milh\u00f5es de reais. Uma resid\u00eancia humilde pode ter recebido R$ 500 mil do [&hellip;]<\/p>\n","protected":false},"author":1,"featured_media":74328,"comment_status":"closed","ping_status":"closed","sticky":false,"template":"","format":"standard","meta":{"footnotes":""},"categories":[6],"tags":[],"class_list":{"0":"post-74326","1":"post","2":"type-post","3":"status-publish","4":"format-standard","5":"has-post-thumbnail","7":"category-politica"},"_links":{"self":[{"href":"https:\/\/senoticias.com.br\/se\/wp-json\/wp\/v2\/posts\/74326"}],"collection":[{"href":"https:\/\/senoticias.com.br\/se\/wp-json\/wp\/v2\/posts"}],"about":[{"href":"https:\/\/senoticias.com.br\/se\/wp-json\/wp\/v2\/types\/post"}],"author":[{"embeddable":true,"href":"https:\/\/senoticias.com.br\/se\/wp-json\/wp\/v2\/users\/1"}],"replies":[{"embeddable":true,"href":"https:\/\/senoticias.com.br\/se\/wp-json\/wp\/v2\/comments?post=74326"}],"version-history":[{"count":0,"href":"https:\/\/senoticias.com.br\/se\/wp-json\/wp\/v2\/posts\/74326\/revisions"}],"wp:featuredmedia":[{"embeddable":true,"href":"https:\/\/senoticias.com.br\/se\/wp-json\/wp\/v2\/media\/74328"}],"wp:attachment":[{"href":"https:\/\/senoticias.com.br\/se\/wp-json\/wp\/v2\/media?parent=74326"}],"wp:term":[{"taxonomy":"category","embeddable":true,"href":"https:\/\/senoticias.com.br\/se\/wp-json\/wp\/v2\/categories?post=74326"},{"taxonomy":"post_tag","embeddable":true,"href":"https:\/\/senoticias.com.br\/se\/wp-json\/wp\/v2\/tags?post=74326"}],"curies":[{"name":"wp","href":"https:\/\/api.w.org\/{rel}","templated":true}]}}