{"id":74320,"date":"2014-12-28T14:25:11","date_gmt":"2014-12-28T17:25:11","guid":{"rendered":"http:\/\/senoticias.com.br\/se\/?p=74320"},"modified":"2014-12-28T17:04:42","modified_gmt":"2014-12-28T20:04:42","slug":"marginais-metralharam-a-delegacia-plantonista-em-aracaju","status":"publish","type":"post","link":"https:\/\/senoticias.com.br\/se\/marginais-metralharam-a-delegacia-plantonista-em-aracaju\/","title":{"rendered":"Marginais disparam tiros contra a Delegacia Plantonista em Aracaju"},"content":{"rendered":"<p style=\"text-align: justify;\"><em>por C\u00e1ssia Santana, no <a href=\"http:\/\/www.infonet.com.br\/cidade\/\/ler.asp?id=167339\" target=\"_blank\">Portal Infonet<\/a><\/em><\/p>\n<div id=\"attachment_44039\" style=\"width: 310px\" class=\"wp-caption alignright\"><a href=\"http:\/\/senoticias.com.br\/se\/wp-content\/uploads\/2013\/02\/grande-delegacia_plantonista02_080812.jpg.jpg\"><img loading=\"lazy\" decoding=\"async\" aria-describedby=\"caption-attachment-44039\" class=\"size-medium wp-image-44039\" alt=\"O atentado foi registrado por volta das 4h da madrugada deste domingo. (Foto: Arquivo Portal Infonet)\" src=\"http:\/\/senoticias.com.br\/se\/wp-content\/uploads\/2013\/02\/grande-delegacia_plantonista02_080812.jpg-300x199.jpg\" width=\"300\" height=\"199\" srcset=\"https:\/\/senoticias.com.br\/se\/wp-content\/uploads\/2013\/02\/grande-delegacia_plantonista02_080812.jpg-300x199.jpg 300w, https:\/\/senoticias.com.br\/se\/wp-content\/uploads\/2013\/02\/grande-delegacia_plantonista02_080812.jpg-342x227.jpg 342w, https:\/\/senoticias.com.br\/se\/wp-content\/uploads\/2013\/02\/grande-delegacia_plantonista02_080812.jpg.jpg 1000w\" sizes=\"(max-width: 300px) 100vw, 300px\" \/><\/a><p id=\"caption-attachment-44039\" class=\"wp-caption-text\">O atentado foi registrado por volta das 4h da madrugada deste domingo. (Foto: Arquivo Portal Infonet)<\/p><\/div>\n<p style=\"text-align: justify;\">A porta central da Delegacia Plantonista foi atingida por tiros disparados por pessoas n\u00e3o identificadas que passavam em uma motocicleta pela rua Laranjeiras. O atentado foi registrado por volta das 4h da madrugada deste domingo, 28, mas os policiais que estavam de plant\u00e3o n\u00e3o conseguiram identificar suspeitos.<\/p>\n<p style=\"text-align: justify;\">Os policiais de plant\u00e3o preferem o anonimato, mas revelam que o epis\u00f3dio traduz a realidade sergipana em se tratando de seguran\u00e7a p\u00fablica. Eles observam que o clima \u00e9 sempre tenso naquela delegacia, principalmente durante a madrugada, onde h\u00e1 um pequeno efetivo para \u201ctomar conta\u201d de presos e dar respostas \u00e0s ocorr\u00eancias do plant\u00e3o. \u201cAqui \u00e9 assim, trabalhamos com total falta de seguran\u00e7a\u201d, ressaltou um agente.<\/p>\n<p style=\"text-align: justify;\">O delegado Jos\u00e9 Ineph\u00e2nio, coordenador de Pol\u00edcia da Capital, confirmou a ocorr\u00eancia, mas classifica como fato isolado.<\/p>\n<p style=\"text-align: justify;\">Ele informou que a pol\u00edcia ainda n\u00e3o sabe quantas pessoas agiram, mas j\u00e1 est\u00e1 adotando medidas para apurar a ocorr\u00eancia e analisar as imagens capturadas por c\u00e2meras de seguran\u00e7a existentes nas imedia\u00e7\u00f5es para identificar suspeitos.<\/p>\n<p style=\"text-align: justify;\">O delegado descarta a falta de seguran\u00e7a. \u201cN\u00e3o procede a falta de seguran\u00e7a na Plantonista. Ali trabalha um delegado com toda equipe, com quatro a seis pessoas, com escriv\u00e3o e pessoal de triagem e todos est\u00e3o armados e s\u00e3o agentes\u201d, informa o delegado. \u201cN\u00e3o h\u00e1 falta de seguran\u00e7a. Foi um ato isolado, mas realmente n\u00e3o deixa de ser uma afronta\u201d, analisa.<\/p>\n<p style=\"text-align: justify;\"><strong>Siga o SE Not\u00edcias pelo <a href=\"https:\/\/twitter.com\/Senoticias\" target=\"_blank\">Twitter<\/a> e curta no <a href=\" https:\/\/www.facebook.com\/PortalSENoticias\" target=\"_blank\">Facebook<\/a><\/strong><\/p>\n<p><em>\u00a0<\/em><\/p>\n","protected":false},"excerpt":{"rendered":"<p>por C\u00e1ssia Santana, no Portal Infonet A porta central da Delegacia Plantonista foi atingida por tiros disparados por pessoas n\u00e3o identificadas que passavam em uma motocicleta pela rua Laranjeiras. O atentado foi registrado por volta das 4h da madrugada deste domingo, 28, mas os policiais que estavam de plant\u00e3o n\u00e3o conseguiram identificar suspeitos. Os policiais [&hellip;]<\/p>\n","protected":false},"author":1,"featured_media":44039,"comment_status":"closed","ping_status":"closed","sticky":false,"template":"","format":"standard","meta":{"footnotes":""},"categories":[7,1],"tags":[],"class_list":{"0":"post-74320","1":"post","2":"type-post","3":"status-publish","4":"format-standard","5":"has-post-thumbnail","7":"category-policia","8":"category-sem-categoria"},"_links":{"self":[{"href":"https:\/\/senoticias.com.br\/se\/wp-json\/wp\/v2\/posts\/74320"}],"collection":[{"href":"https:\/\/senoticias.com.br\/se\/wp-json\/wp\/v2\/posts"}],"about":[{"href":"https:\/\/senoticias.com.br\/se\/wp-json\/wp\/v2\/types\/post"}],"author":[{"embeddable":true,"href":"https:\/\/senoticias.com.br\/se\/wp-json\/wp\/v2\/users\/1"}],"replies":[{"embeddable":true,"href":"https:\/\/senoticias.com.br\/se\/wp-json\/wp\/v2\/comments?post=74320"}],"version-history":[{"count":0,"href":"https:\/\/senoticias.com.br\/se\/wp-json\/wp\/v2\/posts\/74320\/revisions"}],"wp:featuredmedia":[{"embeddable":true,"href":"https:\/\/senoticias.com.br\/se\/wp-json\/wp\/v2\/media\/44039"}],"wp:attachment":[{"href":"https:\/\/senoticias.com.br\/se\/wp-json\/wp\/v2\/media?parent=74320"}],"wp:term":[{"taxonomy":"category","embeddable":true,"href":"https:\/\/senoticias.com.br\/se\/wp-json\/wp\/v2\/categories?post=74320"},{"taxonomy":"post_tag","embeddable":true,"href":"https:\/\/senoticias.com.br\/se\/wp-json\/wp\/v2\/tags?post=74320"}],"curies":[{"name":"wp","href":"https:\/\/api.w.org\/{rel}","templated":true}]}}