{"id":74314,"date":"2014-12-27T22:11:26","date_gmt":"2014-12-28T01:11:26","guid":{"rendered":"http:\/\/senoticias.com.br\/se\/?p=74314"},"modified":"2014-12-29T16:11:47","modified_gmt":"2014-12-29T19:11:47","slug":"helicoptero-cai-e-mata-donos-da-cachaca-51","status":"publish","type":"post","link":"https:\/\/senoticias.com.br\/se\/helicoptero-cai-e-mata-donos-da-cachaca-51\/","title":{"rendered":"Helic\u00f3ptero cai e mata donos da &#8220;cacha\u00e7a 51&#8221;"},"content":{"rendered":"<p style=\"text-align: justify;\"><em><strong>Do G1 Ribeir\u00e3o e Franca<\/strong><\/em><\/p>\n<p style=\"text-align: justify;\">O casal Lumara Rocha da Silva Passos M\u00fcller, de 31 anos, e Marcello M\u00fcller, de 33 anos,\u00a0mortos na queda de um helic\u00f3ptero\u00a0na manh\u00e3 deste s\u00e1bado (27) pr\u00f3ximo \u00e0 Rodovia Rio-Santos, na altura de Bertioga (SP), levava a filha de dois anos, que tamb\u00e9m morreu no acidente, para um hospital em S\u00e3o Paulo (SP) para tratar de uma virose. As informa\u00e7\u00f5es foram passadas ao\u00a0<strong>G1<\/strong>\u00a0por uma pessoa pr\u00f3xima \u00e0 fam\u00edlia. O piloto da aeronave, Tiago Yamamoto, e uma adolescente, bab\u00e1 da crian\u00e7a &#8211; que ainda n\u00e3o foi identificada &#8211; tamb\u00e9m morreram.<\/p>\n<div id=\"attachment_74316\" style=\"width: 605px\" class=\"wp-caption aligncenter\"><a href=\"http:\/\/senoticias.com.br\/se\/wp-content\/uploads\/2014\/12\/marcelo_muller_novo.jpg\"><img loading=\"lazy\" decoding=\"async\" aria-describedby=\"caption-attachment-74316\" class=\"size-full wp-image-74316\" alt=\"Casal morto em queda de helic\u00f3ptero ao lado da filha Ge\u00f3rgia, de 2 anos (Foto: Reprodu\u00e7\u00e3o\/Facebook)\" src=\"http:\/\/senoticias.com.br\/se\/wp-content\/uploads\/2014\/12\/marcelo_muller_novo.jpg\" width=\"595\" height=\"446\" srcset=\"https:\/\/senoticias.com.br\/se\/wp-content\/uploads\/2014\/12\/marcelo_muller_novo.jpg 595w, https:\/\/senoticias.com.br\/se\/wp-content\/uploads\/2014\/12\/marcelo_muller_novo-300x224.jpg 300w, https:\/\/senoticias.com.br\/se\/wp-content\/uploads\/2014\/12\/marcelo_muller_novo-342x256.jpg 342w, https:\/\/senoticias.com.br\/se\/wp-content\/uploads\/2014\/12\/marcelo_muller_novo-60x45.jpg 60w, https:\/\/senoticias.com.br\/se\/wp-content\/uploads\/2014\/12\/marcelo_muller_novo-150x113.jpg 150w, https:\/\/senoticias.com.br\/se\/wp-content\/uploads\/2014\/12\/marcelo_muller_novo-269x201.jpg 269w\" sizes=\"(max-width: 595px) 100vw, 595px\" \/><\/a><p id=\"caption-attachment-74316\" class=\"wp-caption-text\">Casal morto em queda de helic\u00f3ptero ao lado da filha Ge\u00f3rgia, de 2 anos (Foto: Reprodu\u00e7\u00e3o\/Facebook)<\/p><\/div>\n<p style=\"text-align: justify;\">Natural de Ribeir\u00e3o Preto (SP), a fam\u00edlia passava as festas de final de ano em uma casa de amigos no Condom\u00ednio Iporanga, em Guaruj\u00e1 (SP). A m\u00e3e e a av\u00f3 de Lumara tamb\u00e9m est\u00e3o hospedadas no local, mas preferiram n\u00e3o acompanhar o casal na viagem at\u00e9 S\u00e3o Paulo neste s\u00e1bado, segundo contou um amigo da fam\u00edlia. &#8220;A menina [de dois anos] pegou uma virose em uma viagem recente aos Estados Unidos e acordou mal, com febre. Eles sa\u00edram \u00e0s pressas logo cedo para lev\u00e1-la a um hospital em S\u00e3o Paulo&#8221;, disse.<\/p>\n<p style=\"text-align: justify;\">Ainda de acordo com o amigo da fam\u00edlia, o casal morava na capital paulista. Formado em Publicidade e Propaganda, M\u00fcller era acionista da Companhia M\u00fcller de Bebidas, Pirassununga 51. J\u00e1 Lumara era diretora de vendas em uma emissora de televis\u00e3o em S\u00e3o Paulo. &#8220;Eles estavam em uma casa de praia de uma amiga, que est\u00e1 no Panam\u00e1. Ela emprestou a casa para a fam\u00edlia o ano todo&#8221;, afirmou.<\/p>\n<p style=\"text-align: justify;\"><strong>Acidente<br \/>\n<\/strong><br \/>\nA aeronave caiu pr\u00f3ximo \u00e0 Rodovia Rio-Santos, na altura do munic\u00edpio de\u00a0Bertioga, no litoral de S\u00e3o Paulo, na manh\u00e3 deste s\u00e1bado. A aeronave explodiu ao bater no ch\u00e3o. Uma equipe do Quarto Servi\u00e7o Regional de Investiga\u00e7\u00e3o e Preven\u00e7\u00e3o de Acidentes Aeron\u00e1uticos se dirige ao local para apurar a ocorr\u00eancia.<\/p>\n<p style=\"text-align: justify;\">Segundo os bombeiros, a queda do helic\u00f3ptero modelo Esquilo ocorreu na altura do quil\u00f4metro 229 da rodovia, em uma \u00e1rea de mata pr\u00f3xima ao Rio Itapanha\u00fa. A aeronave decolou do Condom\u00ednioIporanga, em\u00a0Guaruj\u00e1, e caiu poucos minutos depois. O helic\u00f3ptero seguiria para a capital.<\/p>\n<p style=\"text-align: justify;\">O\u00a0<strong>G1\u00a0<\/strong>entrou em contato com a Helimarte T\u00e1xi A\u00e9reo Ltda, propriet\u00e1ria do helic\u00f3ptero prefixo PT-HNC. Por meio de nota, a empresa confirmou o acidente e informou que est\u00e1 colaborando com todos os procedimentos de resgate e apura\u00e7\u00e3o e que a aeronave estava em perfeitas condi\u00e7\u00f5es de voo e aeronavegabilidade. A Helimarte lamenta ainda a perda das vidas dos passageiros e do piloto, e se solidariza com suas fam\u00edlias.<\/p>\n<p>A \u00e1rea foi isolada pela Defesa Civil. Os corpos permanecem no local e passam por per\u00edcia.<\/p>\n","protected":false},"excerpt":{"rendered":"<p>Do G1 Ribeir\u00e3o e Franca O casal Lumara Rocha da Silva Passos M\u00fcller, de 31 anos, e Marcello M\u00fcller, de 33 anos,\u00a0mortos na queda de um helic\u00f3ptero\u00a0na manh\u00e3 deste s\u00e1bado (27) pr\u00f3ximo \u00e0 Rodovia Rio-Santos, na altura de Bertioga (SP), levava a filha de dois anos, que tamb\u00e9m morreu no acidente, para um hospital em [&hellip;]<\/p>\n","protected":false},"author":2,"featured_media":74316,"comment_status":"closed","ping_status":"closed","sticky":false,"template":"","format":"standard","meta":{"footnotes":""},"categories":[310,1],"tags":[],"class_list":{"0":"post-74314","1":"post","2":"type-post","3":"status-publish","4":"format-standard","5":"has-post-thumbnail","7":"category-destaques-da-semana","8":"category-sem-categoria"},"_links":{"self":[{"href":"https:\/\/senoticias.com.br\/se\/wp-json\/wp\/v2\/posts\/74314"}],"collection":[{"href":"https:\/\/senoticias.com.br\/se\/wp-json\/wp\/v2\/posts"}],"about":[{"href":"https:\/\/senoticias.com.br\/se\/wp-json\/wp\/v2\/types\/post"}],"author":[{"embeddable":true,"href":"https:\/\/senoticias.com.br\/se\/wp-json\/wp\/v2\/users\/2"}],"replies":[{"embeddable":true,"href":"https:\/\/senoticias.com.br\/se\/wp-json\/wp\/v2\/comments?post=74314"}],"version-history":[{"count":0,"href":"https:\/\/senoticias.com.br\/se\/wp-json\/wp\/v2\/posts\/74314\/revisions"}],"wp:featuredmedia":[{"embeddable":true,"href":"https:\/\/senoticias.com.br\/se\/wp-json\/wp\/v2\/media\/74316"}],"wp:attachment":[{"href":"https:\/\/senoticias.com.br\/se\/wp-json\/wp\/v2\/media?parent=74314"}],"wp:term":[{"taxonomy":"category","embeddable":true,"href":"https:\/\/senoticias.com.br\/se\/wp-json\/wp\/v2\/categories?post=74314"},{"taxonomy":"post_tag","embeddable":true,"href":"https:\/\/senoticias.com.br\/se\/wp-json\/wp\/v2\/tags?post=74314"}],"curies":[{"name":"wp","href":"https:\/\/api.w.org\/{rel}","templated":true}]}}