{"id":74312,"date":"2014-12-28T07:19:17","date_gmt":"2014-12-28T10:19:17","guid":{"rendered":"http:\/\/senoticias.com.br\/se\/?p=74312"},"modified":"2014-12-29T18:48:17","modified_gmt":"2014-12-29T21:48:17","slug":"delegacias-de-estancia-e-gloria-estao-fechadas-durante-os-finais-de-semana","status":"publish","type":"post","link":"https:\/\/senoticias.com.br\/se\/delegacias-de-estancia-e-gloria-estao-fechadas-durante-os-finais-de-semana\/","title":{"rendered":"Delegacias de Est\u00e2ncia e Gl\u00f3ria est\u00e3o fechadas durante os finais de semana"},"content":{"rendered":"<div id=\"attachment_74317\" style=\"width: 331px\" class=\"wp-caption alignright\"><a href=\"http:\/\/senoticias.com.br\/se\/wp-content\/uploads\/2014\/12\/fechada.png\"><img loading=\"lazy\" decoding=\"async\" aria-describedby=\"caption-attachment-74317\" class=\"size-full wp-image-74317\" alt=\"Fechamento da delegacia vem causando revolta e indigna\u00e7\u00e3o \u00e0 popula\u00e7\u00e3o (Reprodu\u00e7\u00e3o\/TV Sergipe)\" src=\"http:\/\/senoticias.com.br\/se\/wp-content\/uploads\/2014\/12\/fechada.png\" width=\"321\" height=\"211\" srcset=\"https:\/\/senoticias.com.br\/se\/wp-content\/uploads\/2014\/12\/fechada.png 321w, https:\/\/senoticias.com.br\/se\/wp-content\/uploads\/2014\/12\/fechada-300x197.png 300w\" sizes=\"(max-width: 321px) 100vw, 321px\" \/><\/a><p id=\"caption-attachment-74317\" class=\"wp-caption-text\">Fechamento da delegacia vem causando revolta e indigna\u00e7\u00e3o \u00e0 popula\u00e7\u00e3o (Reprodu\u00e7\u00e3o\/TV Sergipe)<\/p><\/div>\n<p style=\"text-align: justify;\">O delegado e coordenador das Delegacias do interior, Jos\u00e9 Inef\u00e2nio Cardoso confirmou o fechamento das delegacias de Est\u00e2ncia e Nossa Senhora da Gl\u00f3ria durante os finais de semana em virtude da redu\u00e7\u00e3o de horas extras dos funcion\u00e1rios.<\/p>\n<p style=\"text-align: justify;\">Segundo o delegado, ainda n\u00e3o existe uma previs\u00e3o sobre a abertura das delegacias aos finais de semana. Ele informou ainda que as delegacias de Lagarto, Itabaiana, Propri\u00e1 e Maruim est\u00e3o funcionando normalmente.<\/p>\n<p style=\"text-align: justify;\"><strong>Siga o SE Not\u00edcias pelo <a href=\"https:\/\/twitter.com\/Senoticias\" target=\"_blank\">Twitter <\/a>e curta no <a href=\" https:\/\/www.facebook.com\/PortalSENoticias\" target=\"_blank\">Facebook<\/a><\/strong><\/p>\n<p style=\"text-align: justify;\"><strong>G1SE<\/strong><\/p>\n<p style=\"text-align: justify;\">\n","protected":false},"excerpt":{"rendered":"<p>O delegado e coordenador das Delegacias do interior, Jos\u00e9 Inef\u00e2nio Cardoso confirmou o fechamento das delegacias de Est\u00e2ncia e Nossa Senhora da Gl\u00f3ria durante os finais de semana em virtude da redu\u00e7\u00e3o de horas extras dos funcion\u00e1rios. Segundo o delegado, ainda n\u00e3o existe uma previs\u00e3o sobre a abertura das delegacias aos finais de semana. Ele [&hellip;]<\/p>\n","protected":false},"author":1,"featured_media":74317,"comment_status":"closed","ping_status":"closed","sticky":false,"template":"","format":"standard","meta":{"footnotes":""},"categories":[310,7],"tags":[],"class_list":{"0":"post-74312","1":"post","2":"type-post","3":"status-publish","4":"format-standard","5":"has-post-thumbnail","7":"category-destaques-da-semana","8":"category-policia"},"_links":{"self":[{"href":"https:\/\/senoticias.com.br\/se\/wp-json\/wp\/v2\/posts\/74312"}],"collection":[{"href":"https:\/\/senoticias.com.br\/se\/wp-json\/wp\/v2\/posts"}],"about":[{"href":"https:\/\/senoticias.com.br\/se\/wp-json\/wp\/v2\/types\/post"}],"author":[{"embeddable":true,"href":"https:\/\/senoticias.com.br\/se\/wp-json\/wp\/v2\/users\/1"}],"replies":[{"embeddable":true,"href":"https:\/\/senoticias.com.br\/se\/wp-json\/wp\/v2\/comments?post=74312"}],"version-history":[{"count":0,"href":"https:\/\/senoticias.com.br\/se\/wp-json\/wp\/v2\/posts\/74312\/revisions"}],"wp:featuredmedia":[{"embeddable":true,"href":"https:\/\/senoticias.com.br\/se\/wp-json\/wp\/v2\/media\/74317"}],"wp:attachment":[{"href":"https:\/\/senoticias.com.br\/se\/wp-json\/wp\/v2\/media?parent=74312"}],"wp:term":[{"taxonomy":"category","embeddable":true,"href":"https:\/\/senoticias.com.br\/se\/wp-json\/wp\/v2\/categories?post=74312"},{"taxonomy":"post_tag","embeddable":true,"href":"https:\/\/senoticias.com.br\/se\/wp-json\/wp\/v2\/tags?post=74312"}],"curies":[{"name":"wp","href":"https:\/\/api.w.org\/{rel}","templated":true}]}}