{"id":74297,"date":"2014-12-27T13:06:12","date_gmt":"2014-12-27T16:06:12","guid":{"rendered":"http:\/\/senoticias.com.br\/se\/?p=74297"},"modified":"2014-12-27T13:48:12","modified_gmt":"2014-12-27T16:48:12","slug":"presidio-doa-agua-mas-polui-rio-que-poderia-abastecer-comunidade","status":"publish","type":"post","link":"https:\/\/senoticias.com.br\/se\/presidio-doa-agua-mas-polui-rio-que-poderia-abastecer-comunidade\/","title":{"rendered":"Pres\u00eddio doa \u00e1gua, mas polui rio que poderia abastecer comunidade"},"content":{"rendered":"<p style=\"text-align: justify;\">Os moradores do povoado Timb\u00f3, no munic\u00edpio de S\u00e3o Crist\u00f3v\u00e3o, regi\u00e3o da Grande Aracaju, vem sofrendo com a polui\u00e7\u00e3o no rio Pitanga que fica pr\u00f3ximo a comunidade e \u00e9 um dos afluente do Rio Sergipe.<\/p>\n<div id=\"attachment_73131\" style=\"width: 568px\" class=\"wp-caption aligncenter\"><a href=\"http:\/\/senoticias.com.br\/se\/wp-content\/uploads\/2014\/11\/574c14505b6128e99ba4742b528cfcf7.jpg\"><img loading=\"lazy\" decoding=\"async\" aria-describedby=\"caption-attachment-73131\" class=\" wp-image-73131 \" alt=\" (Foto: Reprodu\u00e7\u00e3o) \" src=\"http:\/\/senoticias.com.br\/se\/wp-content\/uploads\/2014\/11\/574c14505b6128e99ba4742b528cfcf7.jpg\" width=\"558\" height=\"419\" srcset=\"https:\/\/senoticias.com.br\/se\/wp-content\/uploads\/2014\/11\/574c14505b6128e99ba4742b528cfcf7.jpg 620w, https:\/\/senoticias.com.br\/se\/wp-content\/uploads\/2014\/11\/574c14505b6128e99ba4742b528cfcf7-300x225.jpg 300w, https:\/\/senoticias.com.br\/se\/wp-content\/uploads\/2014\/11\/574c14505b6128e99ba4742b528cfcf7-342x256.jpg 342w, https:\/\/senoticias.com.br\/se\/wp-content\/uploads\/2014\/11\/574c14505b6128e99ba4742b528cfcf7-60x45.jpg 60w, https:\/\/senoticias.com.br\/se\/wp-content\/uploads\/2014\/11\/574c14505b6128e99ba4742b528cfcf7-150x113.jpg 150w, https:\/\/senoticias.com.br\/se\/wp-content\/uploads\/2014\/11\/574c14505b6128e99ba4742b528cfcf7-269x201.jpg 269w\" sizes=\"(max-width: 558px) 100vw, 558px\" \/><\/a><p id=\"caption-attachment-73131\" class=\"wp-caption-text\">(Foto: Reprodu\u00e7\u00e3o)<\/p><\/div>\n<p style=\"text-align: justify;\">Segundo a popula\u00e7\u00e3o do povoado, que n\u00e3o tem acesso \u00e1 agua tratada, o Pres\u00eddio Manoel Carvalho Neto, tem contribu\u00eddo para a polui\u00e7\u00e3o do rio, mesmo a unidade prisional realizando doa\u00e7\u00e3o de \u00e1gua para a comunidade atrav\u00e9s de um acordo.<\/p>\n<p style=\"text-align: justify;\">O diretor da Administra\u00e7\u00e3o Estadual do Meio ambiente (Adema), Wanderl\u00ea Correia informou que na pr\u00f3xima semana vai encaminhar uma equipe at\u00e9 o povoado para verificar as causas da polui\u00e7\u00e3o do rio<\/p>\n<p style=\"text-align: justify;\">Disse ainda que vai apurar se a esta\u00e7\u00e3o de tratamento de esgoto do pres\u00eddio est\u00e1 de acordo com os crit\u00e9rios da legisla\u00e7\u00e3o ambiental.<\/p>\n<p style=\"text-align: justify;\">A Secretaria da Justi\u00e7a e tamb\u00e9m a dire\u00e7\u00e3o do pres\u00eddio foram procurados para falar sobre o assunto, mas ningu\u00e9m se pronunciou.<\/p>\n<p style=\"text-align: justify;\"><em>Com informa\u00e7\u00f5es do G1, em Sergipe<\/em><\/p>\n<p style=\"text-align: justify;\"><strong>Siga o SE Not\u00edcias pelo <a href=\"https:\/\/twitter.com\/Senoticias\" target=\"_blank\">Twitter<\/a><\/strong><strong><a href=\"https:\/\/twitter.com\/Senoticias\" target=\"_blank\">\u00a0<\/a>e curta no <a href=\"https:\/\/www.facebook.com\/PortalSENoticias\" target=\"_blank\">Facebook<\/a><\/strong><\/p>\n<p style=\"text-align: justify;\">\n","protected":false},"excerpt":{"rendered":"<p>Os moradores do povoado Timb\u00f3, no munic\u00edpio de S\u00e3o Crist\u00f3v\u00e3o, regi\u00e3o da Grande Aracaju, vem sofrendo com a polui\u00e7\u00e3o no rio Pitanga que fica pr\u00f3ximo a comunidade e \u00e9 um dos afluente do Rio Sergipe. Segundo a popula\u00e7\u00e3o do povoado, que n\u00e3o tem acesso \u00e1 agua tratada, o Pres\u00eddio Manoel Carvalho Neto, tem contribu\u00eddo para [&hellip;]<\/p>\n","protected":false},"author":1,"featured_media":73131,"comment_status":"closed","ping_status":"closed","sticky":false,"template":"","format":"standard","meta":{"footnotes":""},"categories":[38],"tags":[],"class_list":{"0":"post-74297","1":"post","2":"type-post","3":"status-publish","4":"format-standard","5":"has-post-thumbnail","7":"category-municipios"},"_links":{"self":[{"href":"https:\/\/senoticias.com.br\/se\/wp-json\/wp\/v2\/posts\/74297"}],"collection":[{"href":"https:\/\/senoticias.com.br\/se\/wp-json\/wp\/v2\/posts"}],"about":[{"href":"https:\/\/senoticias.com.br\/se\/wp-json\/wp\/v2\/types\/post"}],"author":[{"embeddable":true,"href":"https:\/\/senoticias.com.br\/se\/wp-json\/wp\/v2\/users\/1"}],"replies":[{"embeddable":true,"href":"https:\/\/senoticias.com.br\/se\/wp-json\/wp\/v2\/comments?post=74297"}],"version-history":[{"count":0,"href":"https:\/\/senoticias.com.br\/se\/wp-json\/wp\/v2\/posts\/74297\/revisions"}],"wp:featuredmedia":[{"embeddable":true,"href":"https:\/\/senoticias.com.br\/se\/wp-json\/wp\/v2\/media\/73131"}],"wp:attachment":[{"href":"https:\/\/senoticias.com.br\/se\/wp-json\/wp\/v2\/media?parent=74297"}],"wp:term":[{"taxonomy":"category","embeddable":true,"href":"https:\/\/senoticias.com.br\/se\/wp-json\/wp\/v2\/categories?post=74297"},{"taxonomy":"post_tag","embeddable":true,"href":"https:\/\/senoticias.com.br\/se\/wp-json\/wp\/v2\/tags?post=74297"}],"curies":[{"name":"wp","href":"https:\/\/api.w.org\/{rel}","templated":true}]}}