{"id":74293,"date":"2014-12-27T12:26:01","date_gmt":"2014-12-27T15:26:01","guid":{"rendered":"http:\/\/senoticias.com.br\/se\/?p=74293"},"modified":"2014-12-29T13:37:02","modified_gmt":"2014-12-29T16:37:02","slug":"prefeitura-de-itaporanga-divulga-programacao-reveillon-da-caueira","status":"publish","type":"post","link":"https:\/\/senoticias.com.br\/se\/prefeitura-de-itaporanga-divulga-programacao-reveillon-da-caueira\/","title":{"rendered":"Prefeitura de Itaporanga divulga programa\u00e7\u00e3o R\u00e9veillon da Caueira"},"content":{"rendered":"<p style=\"text-align: justify;\">A Prefeitura de Itaporanga D\u2019Ajuda realiza na quarta-feira (31) o Show da Virada, que acontece na Pra\u00e7a de Eventos da Praia da Caueira, a partir das 21h. Fogos de artif\u00edcios dar\u00e3o as boas vindas a 2015. Ser\u00e3o 15 minutos de muito brilho no c\u00e9u. As atra\u00e7\u00f5es musicais ficar\u00e3o por conta das bandas New Embarkky, Yeba e Roj\u00e3o Diferente.<\/p>\n<p style=\"text-align: justify;\">Para dar mais tranquilidade aos moradores e turistas, al\u00e9m de policiais do Batalh\u00e3o de Choque e do Corpo de Bombeiros, o Show da Virada em Itaporanga contar\u00e1 ainda com dezenas de seguran\u00e7as particulares.<\/p>\n<p style=\"text-align: justify;\">A prefeita de Itaporanga, Maria das Gra\u00e7as (Gracinha), convida todos a comemorarem a chegada do novo ano em clima de alegria, paz e muita anima\u00e7\u00e3o.<\/p>\n<div id=\"attachment_74296\" style=\"width: 607px\" class=\"wp-caption aligncenter\"><a href=\"http:\/\/senoticias.com.br\/se\/wp-content\/uploads\/2014\/12\/IMG-20141226-WA0013.jpg\"><img loading=\"lazy\" decoding=\"async\" aria-describedby=\"caption-attachment-74296\" class=\"size-full wp-image-74296\" alt=\"Programa\u00e7\u00e3o R\u00e9veillon da Caueira. (TDantas Comunica\u00e7\u00e3o)\" src=\"http:\/\/senoticias.com.br\/se\/wp-content\/uploads\/2014\/12\/IMG-20141226-WA0013.jpg\" width=\"597\" height=\"845\" srcset=\"https:\/\/senoticias.com.br\/se\/wp-content\/uploads\/2014\/12\/IMG-20141226-WA0013.jpg 597w, https:\/\/senoticias.com.br\/se\/wp-content\/uploads\/2014\/12\/IMG-20141226-WA0013-211x300.jpg 211w, https:\/\/senoticias.com.br\/se\/wp-content\/uploads\/2014\/12\/IMG-20141226-WA0013-342x484.jpg 342w, https:\/\/senoticias.com.br\/se\/wp-content\/uploads\/2014\/12\/IMG-20141226-WA0013-300x424.jpg 300w\" sizes=\"(max-width: 597px) 100vw, 597px\" \/><\/a><p id=\"caption-attachment-74296\" class=\"wp-caption-text\">Programa\u00e7\u00e3o R\u00e9veillon da Caueira. (TDantas Comunica\u00e7\u00e3o)<\/p><\/div>\n<p style=\"text-align: justify;\">\u201cEstamos organizando uma festa muito bonita para comemorarmos a chegada de 2015. Ser\u00e1 um momento de celebrarmos a passagem de mais um ano e elevarmos nosso pensamento positivo para que o ano novo seja de muita paz, amor, sa\u00fade, f\u00e9, esperan\u00e7a e grandes realiza\u00e7\u00f5es. Ser\u00e1 uma virada com muita alegria, anima\u00e7\u00e3o e seguran\u00e7a. Todos est\u00e3o convidados para o melhor R\u00e9veillon de Sergipe\u201d, garante a prefeita.<\/p>\n<p style=\"text-align: justify;\"><strong>Como chegar<\/strong><\/p>\n<p style=\"text-align: justify;\">A Praia da Caueira, que fica localizada a cerca de 30 km de Aracaju, tem dois acessos: para quem est\u00e1 em Aracaju, \u00e9 aconselh\u00e1vel seguir pela Avenida Mel\u00edcio Machado e pegar a Ponte Jornalista Joel Silveira, no Bairro Mosqueiro. O percurso \u00e9 de apenas 30 km. A outra op\u00e7\u00e3o \u00e9 pela BR-101. Ao chegar a Itaporanga o motorista segue pela Rodovia Humberto Mandarino (SE-270). O percurso total \u00e9 de 60 km, partindo de Aracaju.<\/p>\n<p style=\"text-align: justify;\"><strong>Siga o SE Not\u00edcias pelo <a href=\"https:\/\/twitter.com\/Senoticias\" target=\"_blank\">Twitter <\/a>e curta no <a href=\"https:\/\/www.facebook.com\/PortalSENoticias\" target=\"_blank\">Facebook<\/a><\/strong><\/p>\n<p style=\"text-align: justify;\"><em><strong>TDantas Comunica\u00e7\u00e3o<\/strong><\/em><\/p>\n","protected":false},"excerpt":{"rendered":"<p>A Prefeitura de Itaporanga D\u2019Ajuda realiza na quarta-feira (31) o Show da Virada, que acontece na Pra\u00e7a de Eventos da Praia da Caueira, a partir das 21h. Fogos de artif\u00edcios dar\u00e3o as boas vindas a 2015. Ser\u00e3o 15 minutos de muito brilho no c\u00e9u. As atra\u00e7\u00f5es musicais ficar\u00e3o por conta das bandas New Embarkky, Yeba [&hellip;]<\/p>\n","protected":false},"author":1,"featured_media":74296,"comment_status":"closed","ping_status":"closed","sticky":false,"template":"","format":"standard","meta":{"footnotes":""},"categories":[38,6],"tags":[],"class_list":{"0":"post-74293","1":"post","2":"type-post","3":"status-publish","4":"format-standard","5":"has-post-thumbnail","7":"category-municipios","8":"category-politica"},"_links":{"self":[{"href":"https:\/\/senoticias.com.br\/se\/wp-json\/wp\/v2\/posts\/74293"}],"collection":[{"href":"https:\/\/senoticias.com.br\/se\/wp-json\/wp\/v2\/posts"}],"about":[{"href":"https:\/\/senoticias.com.br\/se\/wp-json\/wp\/v2\/types\/post"}],"author":[{"embeddable":true,"href":"https:\/\/senoticias.com.br\/se\/wp-json\/wp\/v2\/users\/1"}],"replies":[{"embeddable":true,"href":"https:\/\/senoticias.com.br\/se\/wp-json\/wp\/v2\/comments?post=74293"}],"version-history":[{"count":0,"href":"https:\/\/senoticias.com.br\/se\/wp-json\/wp\/v2\/posts\/74293\/revisions"}],"wp:featuredmedia":[{"embeddable":true,"href":"https:\/\/senoticias.com.br\/se\/wp-json\/wp\/v2\/media\/74296"}],"wp:attachment":[{"href":"https:\/\/senoticias.com.br\/se\/wp-json\/wp\/v2\/media?parent=74293"}],"wp:term":[{"taxonomy":"category","embeddable":true,"href":"https:\/\/senoticias.com.br\/se\/wp-json\/wp\/v2\/categories?post=74293"},{"taxonomy":"post_tag","embeddable":true,"href":"https:\/\/senoticias.com.br\/se\/wp-json\/wp\/v2\/tags?post=74293"}],"curies":[{"name":"wp","href":"https:\/\/api.w.org\/{rel}","templated":true}]}}